
{"id":70220,"date":"2018-01-30T18:39:28","date_gmt":"2018-01-30T21:39:28","guid":{"rendered":"http:\/\/www.sudoestehoje.com.br\/novoportal\/?p=70220"},"modified":"2018-01-30T18:39:28","modified_gmt":"2018-01-30T21:39:28","slug":"para-evitar-prisao-imediata-defesa-de-lula-pede-habeas-corpus-preventivo-no-stj","status":"publish","type":"post","link":"https:\/\/www.sudoestehoje.com.br\/novoportal\/2018\/01\/30\/para-evitar-prisao-imediata-defesa-de-lula-pede-habeas-corpus-preventivo-no-stj\/","title":{"rendered":"PARA EVITAR PRIS\u00c3O IMEDIATA, DEFESA DE LULA PEDE HABEAS CORPUS PREVENTIVO NO STJ"},"content":{"rendered":"<p><a href=\"http:\/\/www.sudoestehoje.com.br\/novoportal\/wp-content\/uploads\/2018\/01\/LULA.jpeg\"><img loading=\"lazy\" decoding=\"async\" class=\"aligncenter size-medium wp-image-70222\" src=\"http:\/\/www.sudoestehoje.com.br\/novoportal\/wp-content\/uploads\/2018\/01\/LULA-500x350.jpeg\" alt=\"\" width=\"500\" height=\"350\" srcset=\"https:\/\/www.sudoestehoje.com.br\/novoportal\/wp-content\/uploads\/2018\/01\/LULA-500x350.jpeg 500w, https:\/\/www.sudoestehoje.com.br\/novoportal\/wp-content\/uploads\/2018\/01\/LULA.jpeg 600w\" sizes=\"auto, (max-width: 500px) 100vw, 500px\" \/><\/a><\/p>\n<p>A defesa do ex-presidente\u00a0Luiz In\u00e1cio Lula da Silva, condenado pelo TRF-4 por corrup\u00e7\u00e3o passiva e lavagem de dinheiro, teria entrado com um\u00a0pedido de habeas corpus preventivo no Superior Tribunal de Justi\u00e7a (STJ). A informa\u00e7\u00e3o \u00e9 da colunista\u00a0da Folha de S\u00e3o Paulo, M\u00f4nica Bergamo.<\/p>\n<p>Segundo a coluna, o pedido foi feito para\u00a0afastar a possibilidade de antecipa\u00e7\u00e3o de cumprimento da pena a que ele foi condenado, de 12 anos e 1 m\u00eas de pris\u00e3o em regime fechado.<\/p>\n<p>De acordo com Bergamo, as chances de Lula no STJ\u00a0s\u00e3o remotas pois \u201co\u00a0relator dos casos da Opera\u00e7\u00e3o Lava Jato na corte, F\u00e9lix Fischer, costuma corroborar quase todas as decis\u00f5es do juiz Sergio Moro e do TRF-4\u201d.<\/p>\n","protected":false},"excerpt":{"rendered":"<p>A defesa do ex-presidente\u00a0Luiz In\u00e1cio Lula da Silva, condenado pelo TRF-4 por corrup\u00e7\u00e3o passiva e lavagem de dinheiro, teria entrado com um\u00a0pedido de habeas corpus preventivo no Superior Tribunal de Justi\u00e7a (STJ). A informa\u00e7\u00e3o \u00e9 da colunista\u00a0da Folha de S\u00e3o Paulo, M\u00f4nica Bergamo. Segundo a coluna, o pedido foi feito para\u00a0afastar a possibilidade de antecipa\u00e7\u00e3o [&hellip;]<\/p>\n","protected":false},"author":2,"featured_media":70222,"comment_status":"open","ping_status":"open","sticky":false,"template":"","format":"standard","meta":{"footnotes":"","_links_to":"","_links_to_target":""},"categories":[1],"tags":[],"class_list":["post-70220","post","type-post","status-publish","format-standard","has-post-thumbnail","hentry","category-geral"],"views":1137,"_links":{"self":[{"href":"https:\/\/www.sudoestehoje.com.br\/novoportal\/wp-json\/wp\/v2\/posts\/70220","targetHints":{"allow":["GET"]}}],"collection":[{"href":"https:\/\/www.sudoestehoje.com.br\/novoportal\/wp-json\/wp\/v2\/posts"}],"about":[{"href":"https:\/\/www.sudoestehoje.com.br\/novoportal\/wp-json\/wp\/v2\/types\/post"}],"author":[{"embeddable":true,"href":"https:\/\/www.sudoestehoje.com.br\/novoportal\/wp-json\/wp\/v2\/users\/2"}],"replies":[{"embeddable":true,"href":"https:\/\/www.sudoestehoje.com.br\/novoportal\/wp-json\/wp\/v2\/comments?post=70220"}],"version-history":[{"count":2,"href":"https:\/\/www.sudoestehoje.com.br\/novoportal\/wp-json\/wp\/v2\/posts\/70220\/revisions"}],"predecessor-version":[{"id":70223,"href":"https:\/\/www.sudoestehoje.com.br\/novoportal\/wp-json\/wp\/v2\/posts\/70220\/revisions\/70223"}],"wp:featuredmedia":[{"embeddable":true,"href":"https:\/\/www.sudoestehoje.com.br\/novoportal\/wp-json\/wp\/v2\/media\/70222"}],"wp:attachment":[{"href":"https:\/\/www.sudoestehoje.com.br\/novoportal\/wp-json\/wp\/v2\/media?parent=70220"}],"wp:term":[{"taxonomy":"category","embeddable":true,"href":"https:\/\/www.sudoestehoje.com.br\/novoportal\/wp-json\/wp\/v2\/categories?post=70220"},{"taxonomy":"post_tag","embeddable":true,"href":"https:\/\/www.sudoestehoje.com.br\/novoportal\/wp-json\/wp\/v2\/tags?post=70220"}],"curies":[{"name":"wp","href":"https:\/\/api.w.org\/{rel}","templated":true}]}}