
{"id":70179,"date":"2018-01-28T17:39:05","date_gmt":"2018-01-28T20:39:05","guid":{"rendered":"http:\/\/www.sudoestehoje.com.br\/novoportal\/?p=70179"},"modified":"2018-01-28T18:40:27","modified_gmt":"2018-01-28T21:40:27","slug":"multidao-acompanha-sepultamento-de-lea-de-bergue-em-bandeira-do-colonia","status":"publish","type":"post","link":"https:\/\/www.sudoestehoje.com.br\/novoportal\/2018\/01\/28\/multidao-acompanha-sepultamento-de-lea-de-bergue-em-bandeira-do-colonia\/","title":{"rendered":"MULTID\u00c3O ACOMPANHA SEPULTAMENTO DE &#8220;L\u00c9A DE BERGUE&#8221; EM BANDEIRA DO COL\u00d4NIA"},"content":{"rendered":"<p><a href=\"http:\/\/www.sudoestehoje.com.br\/novoportal\/wp-content\/uploads\/2018\/01\/sepult-lea.jpg\"><img loading=\"lazy\" decoding=\"async\" class=\"aligncenter size-medium wp-image-70191\" src=\"http:\/\/www.sudoestehoje.com.br\/novoportal\/wp-content\/uploads\/2018\/01\/sepult-lea-500x514.jpg\" alt=\"\" width=\"500\" height=\"514\" srcset=\"https:\/\/www.sudoestehoje.com.br\/novoportal\/wp-content\/uploads\/2018\/01\/sepult-lea-500x514.jpg 500w, https:\/\/www.sudoestehoje.com.br\/novoportal\/wp-content\/uploads\/2018\/01\/sepult-lea-700x719.jpg 700w, https:\/\/www.sudoestehoje.com.br\/novoportal\/wp-content\/uploads\/2018\/01\/sepult-lea.jpg 720w\" sizes=\"auto, (max-width: 500px) 100vw, 500px\" \/><\/a><\/p>\n<p>Debaixo de enorme consterna\u00e7\u00e3o e acompanhado de uma verdadeira multid\u00e3o, foi realizado o sepultamento do corpo da Assistente Social Joserlete Santana Rodrigues (L\u00e9a), filha do ex-vereador e administrador distrital, Bergue do Bandeira, no final da tarde deste s\u00e1bado (27), no pr\u00f3prio distrito.<\/p>\n<p>L\u00e9a, que faleceu durante uma cirurgia em hospital de Vit\u00f3ria da Conquista, na \u00faltima sexta-feira (26), era pessoa muito querida e respeitada no distrito de Bandeira do Col\u00f4nia e tamb\u00e9m em Itoror\u00f3, que fica ao lado do distrito, e o seu falecimento precoce (47 anos) chocou a popula\u00e7\u00e3o dos dois munic\u00edpios.<\/p>\n<p><strong><em>Por Davi Ferraz<\/em><\/strong><\/p>\n","protected":false},"excerpt":{"rendered":"<p>Debaixo de enorme consterna\u00e7\u00e3o e acompanhado de uma verdadeira multid\u00e3o, foi realizado o sepultamento do corpo da Assistente Social Joserlete Santana Rodrigues (L\u00e9a), filha do ex-vereador e administrador distrital, Bergue do Bandeira, no final da tarde deste s\u00e1bado (27), no pr\u00f3prio distrito. L\u00e9a, que faleceu durante uma cirurgia em hospital de Vit\u00f3ria da Conquista, na [&hellip;]<\/p>\n","protected":false},"author":2,"featured_media":70191,"comment_status":"open","ping_status":"open","sticky":false,"template":"","format":"standard","meta":{"footnotes":"","_links_to":"","_links_to_target":""},"categories":[1],"tags":[],"class_list":["post-70179","post","type-post","status-publish","format-standard","has-post-thumbnail","hentry","category-geral"],"views":3759,"_links":{"self":[{"href":"https:\/\/www.sudoestehoje.com.br\/novoportal\/wp-json\/wp\/v2\/posts\/70179","targetHints":{"allow":["GET"]}}],"collection":[{"href":"https:\/\/www.sudoestehoje.com.br\/novoportal\/wp-json\/wp\/v2\/posts"}],"about":[{"href":"https:\/\/www.sudoestehoje.com.br\/novoportal\/wp-json\/wp\/v2\/types\/post"}],"author":[{"embeddable":true,"href":"https:\/\/www.sudoestehoje.com.br\/novoportal\/wp-json\/wp\/v2\/users\/2"}],"replies":[{"embeddable":true,"href":"https:\/\/www.sudoestehoje.com.br\/novoportal\/wp-json\/wp\/v2\/comments?post=70179"}],"version-history":[{"count":5,"href":"https:\/\/www.sudoestehoje.com.br\/novoportal\/wp-json\/wp\/v2\/posts\/70179\/revisions"}],"predecessor-version":[{"id":70193,"href":"https:\/\/www.sudoestehoje.com.br\/novoportal\/wp-json\/wp\/v2\/posts\/70179\/revisions\/70193"}],"wp:featuredmedia":[{"embeddable":true,"href":"https:\/\/www.sudoestehoje.com.br\/novoportal\/wp-json\/wp\/v2\/media\/70191"}],"wp:attachment":[{"href":"https:\/\/www.sudoestehoje.com.br\/novoportal\/wp-json\/wp\/v2\/media?parent=70179"}],"wp:term":[{"taxonomy":"category","embeddable":true,"href":"https:\/\/www.sudoestehoje.com.br\/novoportal\/wp-json\/wp\/v2\/categories?post=70179"},{"taxonomy":"post_tag","embeddable":true,"href":"https:\/\/www.sudoestehoje.com.br\/novoportal\/wp-json\/wp\/v2\/tags?post=70179"}],"curies":[{"name":"wp","href":"https:\/\/api.w.org\/{rel}","templated":true}]}}