
{"id":70174,"date":"2018-01-28T17:14:49","date_gmt":"2018-01-28T20:14:49","guid":{"rendered":"http:\/\/www.sudoestehoje.com.br\/novoportal\/?p=70174"},"modified":"2018-01-28T17:14:49","modified_gmt":"2018-01-28T20:14:49","slug":"tragedia-sete-pessoas-morrem-e-20-ficam-feridas-em-onibus-que-saiu-da-bahia","status":"publish","type":"post","link":"https:\/\/www.sudoestehoje.com.br\/novoportal\/2018\/01\/28\/tragedia-sete-pessoas-morrem-e-20-ficam-feridas-em-onibus-que-saiu-da-bahia\/","title":{"rendered":"TRAG\u00c9DIA! SETE PESSOAS MORREM E 20 FICAM FERIDAS EM \u00d4NIBUS QUE SAIU DA BAHIA"},"content":{"rendered":"<p><a href=\"http:\/\/www.sudoestehoje.com.br\/novoportal\/wp-content\/uploads\/2018\/01\/ACIDENTE-ONIBUS-1.jpg\"><img loading=\"lazy\" decoding=\"async\" class=\"aligncenter size-medium wp-image-70175\" src=\"http:\/\/www.sudoestehoje.com.br\/novoportal\/wp-content\/uploads\/2018\/01\/ACIDENTE-ONIBUS-1-500x334.jpg\" alt=\"\" width=\"500\" height=\"334\" srcset=\"https:\/\/www.sudoestehoje.com.br\/novoportal\/wp-content\/uploads\/2018\/01\/ACIDENTE-ONIBUS-1-500x334.jpg 500w, https:\/\/www.sudoestehoje.com.br\/novoportal\/wp-content\/uploads\/2018\/01\/ACIDENTE-ONIBUS-1.jpg 600w\" sizes=\"auto, (max-width: 500px) 100vw, 500px\" \/><\/a><\/p>\n<p>Sete pessoas morreram e 20 ficaram feridas, ap\u00f3s um \u00f4nibus capotar em uma curva na TO-040, no trevo de Novo Jardim, pr\u00f3ximo \u00e0 Dian\u00f3polis. O acidente aconteceu na madrugada deste domingo (28). O \u00f4nibus da Real Maia e fazia a linha Barreiras, no Oeste Baiano, a Palmas, Capital do Tocantis.<\/p>\n<p><a href=\"http:\/\/www.sudoestehoje.com.br\/novoportal\/wp-content\/uploads\/2018\/01\/ACID.-ONIBUS-2.jpg\"><img loading=\"lazy\" decoding=\"async\" class=\"aligncenter size-medium wp-image-70176\" src=\"http:\/\/www.sudoestehoje.com.br\/novoportal\/wp-content\/uploads\/2018\/01\/ACID.-ONIBUS-2-500x334.jpg\" alt=\"\" width=\"500\" height=\"334\" srcset=\"https:\/\/www.sudoestehoje.com.br\/novoportal\/wp-content\/uploads\/2018\/01\/ACID.-ONIBUS-2-500x334.jpg 500w, https:\/\/www.sudoestehoje.com.br\/novoportal\/wp-content\/uploads\/2018\/01\/ACID.-ONIBUS-2.jpg 600w\" sizes=\"auto, (max-width: 500px) 100vw, 500px\" \/><\/a><\/p>\n<p>De acordo com a Pol\u00edcia Militar, o motorista disse que os freios do ve\u00edculo falharam. Ambul\u00e2ncias da regi\u00e3o fizeram o transporte dos feridos, que a princ\u00edpio foram levados para o Hospital Regional de Dian\u00f3polis.<\/p>\n<p><a href=\"http:\/\/www.sudoestehoje.com.br\/novoportal\/wp-content\/uploads\/2018\/01\/VIT.jpg\"><img loading=\"lazy\" decoding=\"async\" class=\"aligncenter size-medium wp-image-70177\" src=\"http:\/\/www.sudoestehoje.com.br\/novoportal\/wp-content\/uploads\/2018\/01\/VIT-500x302.jpg\" alt=\"\" width=\"500\" height=\"302\" srcset=\"https:\/\/www.sudoestehoje.com.br\/novoportal\/wp-content\/uploads\/2018\/01\/VIT-500x302.jpg 500w, https:\/\/www.sudoestehoje.com.br\/novoportal\/wp-content\/uploads\/2018\/01\/VIT.jpg 529w\" sizes=\"auto, (max-width: 500px) 100vw, 500px\" \/><\/a><\/p>\n<p>Em seguida, 7 deles foram transferidos para o Hospital Geral de Palmas. Uma mulher que est\u00e1 em estado grave foi transportada de helic\u00f3ptero. Os demais foram liberados.<\/p>\n","protected":false},"excerpt":{"rendered":"<p>Sete pessoas morreram e 20 ficaram feridas, ap\u00f3s um \u00f4nibus capotar em uma curva na TO-040, no trevo de Novo Jardim, pr\u00f3ximo \u00e0 Dian\u00f3polis. O acidente aconteceu na madrugada deste domingo (28). O \u00f4nibus da Real Maia e fazia a linha Barreiras, no Oeste Baiano, a Palmas, Capital do Tocantis. De acordo com a Pol\u00edcia [&hellip;]<\/p>\n","protected":false},"author":2,"featured_media":70175,"comment_status":"open","ping_status":"open","sticky":false,"template":"","format":"standard","meta":{"footnotes":"","_links_to":"","_links_to_target":""},"categories":[1],"tags":[],"class_list":["post-70174","post","type-post","status-publish","format-standard","has-post-thumbnail","hentry","category-geral"],"views":29220,"_links":{"self":[{"href":"https:\/\/www.sudoestehoje.com.br\/novoportal\/wp-json\/wp\/v2\/posts\/70174","targetHints":{"allow":["GET"]}}],"collection":[{"href":"https:\/\/www.sudoestehoje.com.br\/novoportal\/wp-json\/wp\/v2\/posts"}],"about":[{"href":"https:\/\/www.sudoestehoje.com.br\/novoportal\/wp-json\/wp\/v2\/types\/post"}],"author":[{"embeddable":true,"href":"https:\/\/www.sudoestehoje.com.br\/novoportal\/wp-json\/wp\/v2\/users\/2"}],"replies":[{"embeddable":true,"href":"https:\/\/www.sudoestehoje.com.br\/novoportal\/wp-json\/wp\/v2\/comments?post=70174"}],"version-history":[{"count":1,"href":"https:\/\/www.sudoestehoje.com.br\/novoportal\/wp-json\/wp\/v2\/posts\/70174\/revisions"}],"predecessor-version":[{"id":70178,"href":"https:\/\/www.sudoestehoje.com.br\/novoportal\/wp-json\/wp\/v2\/posts\/70174\/revisions\/70178"}],"wp:featuredmedia":[{"embeddable":true,"href":"https:\/\/www.sudoestehoje.com.br\/novoportal\/wp-json\/wp\/v2\/media\/70175"}],"wp:attachment":[{"href":"https:\/\/www.sudoestehoje.com.br\/novoportal\/wp-json\/wp\/v2\/media?parent=70174"}],"wp:term":[{"taxonomy":"category","embeddable":true,"href":"https:\/\/www.sudoestehoje.com.br\/novoportal\/wp-json\/wp\/v2\/categories?post=70174"},{"taxonomy":"post_tag","embeddable":true,"href":"https:\/\/www.sudoestehoje.com.br\/novoportal\/wp-json\/wp\/v2\/tags?post=70174"}],"curies":[{"name":"wp","href":"https:\/\/api.w.org\/{rel}","templated":true}]}}