
{"id":70170,"date":"2018-01-28T17:01:26","date_gmt":"2018-01-28T20:01:26","guid":{"rendered":"http:\/\/www.sudoestehoje.com.br\/novoportal\/?p=70170"},"modified":"2018-01-28T17:01:26","modified_gmt":"2018-01-28T20:01:26","slug":"datafolha-vai-testar-nomes-de-wagner-hulk-temer-e-doria-em-nova-pesquisa","status":"publish","type":"post","link":"https:\/\/www.sudoestehoje.com.br\/novoportal\/2018\/01\/28\/datafolha-vai-testar-nomes-de-wagner-hulk-temer-e-doria-em-nova-pesquisa\/","title":{"rendered":"DATAFOLHA VAI TESTAR NOMES DE WAGNER, HULK, TEMER E D\u00d3RIA EM NOVA PESQUISA"},"content":{"rendered":"<p><a href=\"http:\/\/www.sudoestehoje.com.br\/novoportal\/wp-content\/uploads\/2018\/01\/WAGNER.jpg\"><img loading=\"lazy\" decoding=\"async\" class=\"aligncenter size-medium wp-image-70172\" src=\"http:\/\/www.sudoestehoje.com.br\/novoportal\/wp-content\/uploads\/2018\/01\/WAGNER-500x288.jpg\" alt=\"\" width=\"500\" height=\"288\" srcset=\"https:\/\/www.sudoestehoje.com.br\/novoportal\/wp-content\/uploads\/2018\/01\/WAGNER-500x288.jpg 500w, https:\/\/www.sudoestehoje.com.br\/novoportal\/wp-content\/uploads\/2018\/01\/WAGNER.jpg 650w\" sizes=\"auto, (max-width: 500px) 100vw, 500px\" \/><\/a><\/p>\n<p>Na pr\u00f3xima quarta-feira (27), o Datafolha vai divulgar a primeira pesquisa de inten\u00e7\u00e3o de voto para presidente da Rep\u00fablica depois que o ex-presidente Lula foi condenado em segunda inst\u00e2ncia.<\/p>\n<p>De acordo com a coluna Radar, da revista Veja, Lula foi mantido em cinco dos nove cen\u00e1rios da pesquisa estimulada. Na aus\u00eancia do petista, o substituto na pesquisa \u00e9 o ex-governador da Bahia e atual secret\u00e1rio do Desenvolvimento Econ\u00f4mico, Jaques Wagner.<\/p>\n<p>O instituto tamb\u00e9m colocou para an\u00e1lise na pesquisa os nomes do apresentador Luciano Huck, que aparece em tr\u00eas cen\u00e1rios, o prefeito de S\u00e3o Paulo, Jo\u00e3o Doria (PSDB-SP), que aparece em dois, Michel Temer (PMDB-SP) e Rodrigo Maia (DEM-RJ) em um.<\/p>\n<p>No levantamento, tamb\u00e9m est\u00e1 sendo perguntado se Lula deve, ou n\u00e3o, ser preso.<\/p>\n","protected":false},"excerpt":{"rendered":"<p>Na pr\u00f3xima quarta-feira (27), o Datafolha vai divulgar a primeira pesquisa de inten\u00e7\u00e3o de voto para presidente da Rep\u00fablica depois que o ex-presidente Lula foi condenado em segunda inst\u00e2ncia. De acordo com a coluna Radar, da revista Veja, Lula foi mantido em cinco dos nove cen\u00e1rios da pesquisa estimulada. Na aus\u00eancia do petista, o substituto [&hellip;]<\/p>\n","protected":false},"author":2,"featured_media":70172,"comment_status":"open","ping_status":"open","sticky":false,"template":"","format":"standard","meta":{"footnotes":"","_links_to":"","_links_to_target":""},"categories":[1],"tags":[],"class_list":["post-70170","post","type-post","status-publish","format-standard","has-post-thumbnail","hentry","category-geral"],"views":1041,"_links":{"self":[{"href":"https:\/\/www.sudoestehoje.com.br\/novoportal\/wp-json\/wp\/v2\/posts\/70170","targetHints":{"allow":["GET"]}}],"collection":[{"href":"https:\/\/www.sudoestehoje.com.br\/novoportal\/wp-json\/wp\/v2\/posts"}],"about":[{"href":"https:\/\/www.sudoestehoje.com.br\/novoportal\/wp-json\/wp\/v2\/types\/post"}],"author":[{"embeddable":true,"href":"https:\/\/www.sudoestehoje.com.br\/novoportal\/wp-json\/wp\/v2\/users\/2"}],"replies":[{"embeddable":true,"href":"https:\/\/www.sudoestehoje.com.br\/novoportal\/wp-json\/wp\/v2\/comments?post=70170"}],"version-history":[{"count":2,"href":"https:\/\/www.sudoestehoje.com.br\/novoportal\/wp-json\/wp\/v2\/posts\/70170\/revisions"}],"predecessor-version":[{"id":70173,"href":"https:\/\/www.sudoestehoje.com.br\/novoportal\/wp-json\/wp\/v2\/posts\/70170\/revisions\/70173"}],"wp:featuredmedia":[{"embeddable":true,"href":"https:\/\/www.sudoestehoje.com.br\/novoportal\/wp-json\/wp\/v2\/media\/70172"}],"wp:attachment":[{"href":"https:\/\/www.sudoestehoje.com.br\/novoportal\/wp-json\/wp\/v2\/media?parent=70170"}],"wp:term":[{"taxonomy":"category","embeddable":true,"href":"https:\/\/www.sudoestehoje.com.br\/novoportal\/wp-json\/wp\/v2\/categories?post=70170"},{"taxonomy":"post_tag","embeddable":true,"href":"https:\/\/www.sudoestehoje.com.br\/novoportal\/wp-json\/wp\/v2\/tags?post=70170"}],"curies":[{"name":"wp","href":"https:\/\/api.w.org\/{rel}","templated":true}]}}