
{"id":70145,"date":"2018-01-25T22:35:20","date_gmt":"2018-01-26T01:35:20","guid":{"rendered":"http:\/\/www.sudoestehoje.com.br\/novoportal\/?p=70145"},"modified":"2018-01-25T22:35:20","modified_gmt":"2018-01-26T01:35:20","slug":"conquista-veiculo-da-secretaria-de-saude-de-itororo-foi-fazer-feira-no-atacadao","status":"publish","type":"post","link":"https:\/\/www.sudoestehoje.com.br\/novoportal\/2018\/01\/25\/conquista-veiculo-da-secretaria-de-saude-de-itororo-foi-fazer-feira-no-atacadao\/","title":{"rendered":"CONQUISTA: VE\u00cdCULO DA SECRETARIA DE SA\u00daDE DE ITOROR\u00d3 FOI &#8220;FAZER FEIRA&#8221; NO ATACAD\u00c3O"},"content":{"rendered":"<p><a href=\"http:\/\/www.sudoestehoje.com.br\/novoportal\/wp-content\/uploads\/2018\/01\/ve\u00edculo-de-Itoror\u00f3-no-Atacad\u00e3o.jpg\"><img loading=\"lazy\" decoding=\"async\" class=\"aligncenter size-medium wp-image-70146\" src=\"http:\/\/www.sudoestehoje.com.br\/novoportal\/wp-content\/uploads\/2018\/01\/ve\u00edculo-de-Itoror\u00f3-no-Atacad\u00e3o-500x294.jpg\" alt=\"\" width=\"500\" height=\"294\" srcset=\"https:\/\/www.sudoestehoje.com.br\/novoportal\/wp-content\/uploads\/2018\/01\/ve\u00edculo-de-Itoror\u00f3-no-Atacad\u00e3o-500x294.jpg 500w, https:\/\/www.sudoestehoje.com.br\/novoportal\/wp-content\/uploads\/2018\/01\/ve\u00edculo-de-Itoror\u00f3-no-Atacad\u00e3o-768x451.jpg 768w, https:\/\/www.sudoestehoje.com.br\/novoportal\/wp-content\/uploads\/2018\/01\/ve\u00edculo-de-Itoror\u00f3-no-Atacad\u00e3o-700x411.jpg 700w, https:\/\/www.sudoestehoje.com.br\/novoportal\/wp-content\/uploads\/2018\/01\/ve\u00edculo-de-Itoror\u00f3-no-Atacad\u00e3o.jpg 945w\" sizes=\"auto, (max-width: 500px) 100vw, 500px\" \/><\/a><\/p>\n<p>Mais uma ocorr\u00eancia de uso indevido de ve\u00edculo da prefeitura de Itoror\u00f3 foi flagrada por um leitor atento do blog, na \u00faltima segunda-feira (22), na vizinha cidade de Vit\u00f3ria da Conquista.<\/p>\n<p>Na foto enviada ao Sudoeste Hoje, por leitor que preferiu manter o anonimato, um carro da Secretaria de Sa\u00fade da terra da carne do sol, que deveria ser de<em> &#8220;uso exclusivo em servi\u00e7o&#8221;<\/em>, aparece estacionado no p\u00e1tio do supermercado Atacad\u00e3o, em Vit\u00f3ria Conquista, aguardando algu\u00e9m que foi fazer compras.<\/p>\n<p>Por se tratar de ve\u00edculo oficial de uso exclusivo da sa\u00fade, a sua presen\u00e7a em um supermercado \u00e9 totalmente fora de contexto, e denota que h\u00e1 um descontrole administrativo na prefeitura de Itoror\u00f3, que permite esse tipo de desvio.<\/p>\n<p>Em uma outra den\u00fancia, feita no ano passado, um ve\u00edculo do Bolsa Fam\u00edlia de Itoror\u00f3 foi filmado durante uma liquida\u00e7\u00e3o das Lojas Americanas, em Itapetinga, onde pessoas enchiam o porta malas com sacolas recheadas de compras.<\/p>\n<p>Pelo que se sabe, ningu\u00e9m foi punido pelo desvio de conduta e as desculpas esfarrapadas prevaleceram. Vamos ver o que v\u00e3o dizer agora. <em>CONFIRA FOTOS ORIGINAIS &gt;&gt;&gt;&gt;<\/em><!--more--><\/p>\n<p><a href=\"http:\/\/www.sudoestehoje.com.br\/novoportal\/wp-content\/uploads\/2018\/01\/Qw.jpg\"><img loading=\"lazy\" decoding=\"async\" class=\"aligncenter size-medium wp-image-70147\" src=\"http:\/\/www.sudoestehoje.com.br\/novoportal\/wp-content\/uploads\/2018\/01\/Qw-394x700.jpg\" alt=\"\" width=\"394\" height=\"700\" srcset=\"https:\/\/www.sudoestehoje.com.br\/novoportal\/wp-content\/uploads\/2018\/01\/Qw-394x700.jpg 394w, https:\/\/www.sudoestehoje.com.br\/novoportal\/wp-content\/uploads\/2018\/01\/Qw-768x1365.jpg 768w, https:\/\/www.sudoestehoje.com.br\/novoportal\/wp-content\/uploads\/2018\/01\/Qw-506x900.jpg 506w, https:\/\/www.sudoestehoje.com.br\/novoportal\/wp-content\/uploads\/2018\/01\/Qw.jpg 1080w\" sizes=\"auto, (max-width: 394px) 100vw, 394px\" \/><\/a><\/p>\n<p><a href=\"http:\/\/www.sudoestehoje.com.br\/novoportal\/wp-content\/uploads\/2018\/01\/Qwee.jpg\"><img loading=\"lazy\" decoding=\"async\" class=\"aligncenter size-medium wp-image-70148\" src=\"http:\/\/www.sudoestehoje.com.br\/novoportal\/wp-content\/uploads\/2018\/01\/Qwee-394x700.jpg\" alt=\"\" width=\"394\" height=\"700\" srcset=\"https:\/\/www.sudoestehoje.com.br\/novoportal\/wp-content\/uploads\/2018\/01\/Qwee-394x700.jpg 394w, https:\/\/www.sudoestehoje.com.br\/novoportal\/wp-content\/uploads\/2018\/01\/Qwee-768x1365.jpg 768w, https:\/\/www.sudoestehoje.com.br\/novoportal\/wp-content\/uploads\/2018\/01\/Qwee-506x900.jpg 506w, https:\/\/www.sudoestehoje.com.br\/novoportal\/wp-content\/uploads\/2018\/01\/Qwee.jpg 1080w\" sizes=\"auto, (max-width: 394px) 100vw, 394px\" \/><\/a><\/p>\n<p><a href=\"http:\/\/www.sudoestehoje.com.br\/novoportal\/wp-content\/uploads\/2018\/01\/Qww.jpg\"><img loading=\"lazy\" decoding=\"async\" class=\"aligncenter size-medium wp-image-70149\" src=\"http:\/\/www.sudoestehoje.com.br\/novoportal\/wp-content\/uploads\/2018\/01\/Qww-394x700.jpg\" alt=\"\" width=\"394\" height=\"700\" srcset=\"https:\/\/www.sudoestehoje.com.br\/novoportal\/wp-content\/uploads\/2018\/01\/Qww-394x700.jpg 394w, https:\/\/www.sudoestehoje.com.br\/novoportal\/wp-content\/uploads\/2018\/01\/Qww-768x1365.jpg 768w, https:\/\/www.sudoestehoje.com.br\/novoportal\/wp-content\/uploads\/2018\/01\/Qww-506x900.jpg 506w, https:\/\/www.sudoestehoje.com.br\/novoportal\/wp-content\/uploads\/2018\/01\/Qww.jpg 1080w\" sizes=\"auto, (max-width: 394px) 100vw, 394px\" \/><\/a><\/p>\n<p><strong><em>Por Davi Ferraz<\/em><\/strong><\/p>\n","protected":false},"excerpt":{"rendered":"<p>Mais uma ocorr\u00eancia de uso indevido de ve\u00edculo da prefeitura de Itoror\u00f3 foi flagrada por um leitor atento do blog, na \u00faltima segunda-feira (22), na vizinha cidade de Vit\u00f3ria da Conquista. Na foto enviada ao Sudoeste Hoje, por leitor que preferiu manter o anonimato, um carro da Secretaria de Sa\u00fade da terra da carne do [&hellip;]<\/p>\n","protected":false},"author":2,"featured_media":70146,"comment_status":"open","ping_status":"open","sticky":false,"template":"","format":"standard","meta":{"footnotes":"","_links_to":"","_links_to_target":""},"categories":[1],"tags":[],"class_list":["post-70145","post","type-post","status-publish","format-standard","has-post-thumbnail","hentry","category-geral"],"views":2373,"_links":{"self":[{"href":"https:\/\/www.sudoestehoje.com.br\/novoportal\/wp-json\/wp\/v2\/posts\/70145","targetHints":{"allow":["GET"]}}],"collection":[{"href":"https:\/\/www.sudoestehoje.com.br\/novoportal\/wp-json\/wp\/v2\/posts"}],"about":[{"href":"https:\/\/www.sudoestehoje.com.br\/novoportal\/wp-json\/wp\/v2\/types\/post"}],"author":[{"embeddable":true,"href":"https:\/\/www.sudoestehoje.com.br\/novoportal\/wp-json\/wp\/v2\/users\/2"}],"replies":[{"embeddable":true,"href":"https:\/\/www.sudoestehoje.com.br\/novoportal\/wp-json\/wp\/v2\/comments?post=70145"}],"version-history":[{"count":1,"href":"https:\/\/www.sudoestehoje.com.br\/novoportal\/wp-json\/wp\/v2\/posts\/70145\/revisions"}],"predecessor-version":[{"id":70150,"href":"https:\/\/www.sudoestehoje.com.br\/novoportal\/wp-json\/wp\/v2\/posts\/70145\/revisions\/70150"}],"wp:featuredmedia":[{"embeddable":true,"href":"https:\/\/www.sudoestehoje.com.br\/novoportal\/wp-json\/wp\/v2\/media\/70146"}],"wp:attachment":[{"href":"https:\/\/www.sudoestehoje.com.br\/novoportal\/wp-json\/wp\/v2\/media?parent=70145"}],"wp:term":[{"taxonomy":"category","embeddable":true,"href":"https:\/\/www.sudoestehoje.com.br\/novoportal\/wp-json\/wp\/v2\/categories?post=70145"},{"taxonomy":"post_tag","embeddable":true,"href":"https:\/\/www.sudoestehoje.com.br\/novoportal\/wp-json\/wp\/v2\/tags?post=70145"}],"curies":[{"name":"wp","href":"https:\/\/api.w.org\/{rel}","templated":true}]}}