
{"id":70137,"date":"2018-01-25T20:08:36","date_gmt":"2018-01-25T23:08:36","guid":{"rendered":"http:\/\/www.sudoestehoje.com.br\/novoportal\/?p=70137"},"modified":"2018-01-25T20:09:30","modified_gmt":"2018-01-25T23:09:30","slug":"conquista-filho-do-ex-prefeito-jadiel-e-morto-a-tiros-na-frente-do-filho-de-6-anos","status":"publish","type":"post","link":"https:\/\/www.sudoestehoje.com.br\/novoportal\/2018\/01\/25\/conquista-filho-do-ex-prefeito-jadiel-e-morto-a-tiros-na-frente-do-filho-de-6-anos\/","title":{"rendered":"CONQUISTA: FILHO DO EX-PREFEITO JADIEL \u00c9 MORTO A TIROS NA FRENTE DO FILHO DE 6 ANOS"},"content":{"rendered":"<div class=\"mc-column content-text active-extra-styles active-capital-letter\" data-block-type=\"unstyled\" data-block-weight=\"53\" data-block-id=\"2\">\n<p class=\"content-text__container theme-color-primary-first-letter\" data-track-category=\"Link no Texto\" data-track-links=\"\"><a href=\"http:\/\/www.sudoestehoje.com.br\/novoportal\/wp-content\/uploads\/2018\/01\/filho-jadiel.jpg\"><img loading=\"lazy\" decoding=\"async\" class=\"aligncenter size-medium wp-image-70138\" src=\"http:\/\/www.sudoestehoje.com.br\/novoportal\/wp-content\/uploads\/2018\/01\/filho-jadiel-500x310.jpg\" alt=\"\" width=\"500\" height=\"310\" \/><\/a><\/p>\n<p class=\"content-text__container theme-color-primary-first-letter\" data-track-category=\"Link no Texto\" data-track-links=\"\">O filho do ex-prefeito Jadiel Matos, de Vit\u00f3ria da Conquista, e ex-dirigente nacional do Movimento dos Trabalhadores Rurais Sem Terra (MST), foi morto a tiros na noite desta quarta-feira (24), na propriedade rural em que ele morava, na cidade de Iramaia, sudoeste da Bahia. M\u00e1rcio Matos de Oliveira, 33 anos, era atual diretor estadual do MST.<\/p>\n<\/div>\n<div class=\"mc-column content-text active-extra-styles \" data-block-type=\"unstyled\" data-block-weight=\"55\" data-block-id=\"3\">\n<p class=\"content-text__container \" data-track-category=\"Link no Texto\" data-track-links=\"\">De acordo com a Pol\u00edcia Civil, a v\u00edtima foi assassinada na frente do filho de 6 anos. N\u00e3o h\u00e1 detalhes sobre as circunst\u00e2ncias do crime, nem sobre autoria e motiva\u00e7\u00e3o.<\/p>\n<p class=\"content-text__container \" data-track-category=\"Link no Texto\" data-track-links=\"\">A pol\u00edcia investiga e j\u00e1 descartou a hip\u00f3tese de latroc\u00ednio, porque nada foi levado da casa da v\u00edtima. Uma equipe da coordenadoria da Pol\u00edcia Civil de Jequi\u00e9 acompanha as investiga\u00e7\u00f5es.<\/p>\n<\/div>\n<div class=\"mc-column content-text active-extra-styles \" data-block-type=\"unstyled\" data-block-weight=\"28\" data-block-id=\"5\">\n<p class=\"content-text__container \" data-track-category=\"Link no Texto\" data-track-links=\"\">O corpo foi levado para o Departamento de Pol\u00edcia T\u00e9cnica (DPT) de Jequi\u00e9 e j\u00e1 est\u00e1 sendo velado em sua cidade natal, Vit\u00f3ria da Conquista.<\/p>\n<\/div>\n","protected":false},"excerpt":{"rendered":"<p>O filho do ex-prefeito Jadiel Matos, de Vit\u00f3ria da Conquista, e ex-dirigente nacional do Movimento dos Trabalhadores Rurais Sem Terra (MST), foi morto a tiros na noite desta quarta-feira (24), na propriedade rural em que ele morava, na cidade de Iramaia, sudoeste da Bahia. M\u00e1rcio Matos de Oliveira, 33 anos, era atual diretor estadual do [&hellip;]<\/p>\n","protected":false},"author":2,"featured_media":70138,"comment_status":"open","ping_status":"open","sticky":false,"template":"","format":"standard","meta":{"footnotes":"","_links_to":"","_links_to_target":""},"categories":[1],"tags":[],"class_list":["post-70137","post","type-post","status-publish","format-standard","has-post-thumbnail","hentry","category-geral"],"views":11187,"_links":{"self":[{"href":"https:\/\/www.sudoestehoje.com.br\/novoportal\/wp-json\/wp\/v2\/posts\/70137","targetHints":{"allow":["GET"]}}],"collection":[{"href":"https:\/\/www.sudoestehoje.com.br\/novoportal\/wp-json\/wp\/v2\/posts"}],"about":[{"href":"https:\/\/www.sudoestehoje.com.br\/novoportal\/wp-json\/wp\/v2\/types\/post"}],"author":[{"embeddable":true,"href":"https:\/\/www.sudoestehoje.com.br\/novoportal\/wp-json\/wp\/v2\/users\/2"}],"replies":[{"embeddable":true,"href":"https:\/\/www.sudoestehoje.com.br\/novoportal\/wp-json\/wp\/v2\/comments?post=70137"}],"version-history":[{"count":2,"href":"https:\/\/www.sudoestehoje.com.br\/novoportal\/wp-json\/wp\/v2\/posts\/70137\/revisions"}],"predecessor-version":[{"id":70140,"href":"https:\/\/www.sudoestehoje.com.br\/novoportal\/wp-json\/wp\/v2\/posts\/70137\/revisions\/70140"}],"wp:featuredmedia":[{"embeddable":true,"href":"https:\/\/www.sudoestehoje.com.br\/novoportal\/wp-json\/wp\/v2\/media\/70138"}],"wp:attachment":[{"href":"https:\/\/www.sudoestehoje.com.br\/novoportal\/wp-json\/wp\/v2\/media?parent=70137"}],"wp:term":[{"taxonomy":"category","embeddable":true,"href":"https:\/\/www.sudoestehoje.com.br\/novoportal\/wp-json\/wp\/v2\/categories?post=70137"},{"taxonomy":"post_tag","embeddable":true,"href":"https:\/\/www.sudoestehoje.com.br\/novoportal\/wp-json\/wp\/v2\/tags?post=70137"}],"curies":[{"name":"wp","href":"https:\/\/api.w.org\/{rel}","templated":true}]}}