
{"id":70094,"date":"2018-01-24T09:20:46","date_gmt":"2018-01-24T12:20:46","guid":{"rendered":"http:\/\/www.sudoestehoje.com.br\/novoportal\/?p=70094"},"modified":"2018-01-24T09:20:46","modified_gmt":"2018-01-24T12:20:46","slug":"nova-itapetinga-recebera-nova-praca-no-terreno-em-frente-ao-posto-jose-luna","status":"publish","type":"post","link":"https:\/\/www.sudoestehoje.com.br\/novoportal\/2018\/01\/24\/nova-itapetinga-recebera-nova-praca-no-terreno-em-frente-ao-posto-jose-luna\/","title":{"rendered":"NOVA ITAPETINGA RECEBER\u00c1 NOVA PRA\u00c7A NO TERRENO EM FRENTE AO POSTO JOS\u00c9 LUNA"},"content":{"rendered":"<p><a href=\"http:\/\/www.sudoestehoje.com.br\/novoportal\/wp-content\/uploads\/2018\/01\/pra\u00e7a-na-nova.jpg\"><img loading=\"lazy\" decoding=\"async\" class=\"aligncenter size-medium wp-image-70096\" src=\"http:\/\/www.sudoestehoje.com.br\/novoportal\/wp-content\/uploads\/2018\/01\/pra\u00e7a-na-nova-500x375.jpg\" alt=\"\" width=\"500\" height=\"375\" srcset=\"https:\/\/www.sudoestehoje.com.br\/novoportal\/wp-content\/uploads\/2018\/01\/pra\u00e7a-na-nova-500x375.jpg 500w, https:\/\/www.sudoestehoje.com.br\/novoportal\/wp-content\/uploads\/2018\/01\/pra\u00e7a-na-nova-768x576.jpg 768w, https:\/\/www.sudoestehoje.com.br\/novoportal\/wp-content\/uploads\/2018\/01\/pra\u00e7a-na-nova-700x525.jpg 700w, https:\/\/www.sudoestehoje.com.br\/novoportal\/wp-content\/uploads\/2018\/01\/pra\u00e7a-na-nova.jpg 960w\" sizes=\"auto, (max-width: 500px) 100vw, 500px\" \/><\/a><\/p>\n<p>Em conversa recente com o editor deste blog, o secret\u00e1rio municipal de Infraestrutura, Dr. Airton Ferraz, revelou que ap\u00f3s a conclus\u00e3o das obras na Pra\u00e7a Forr\u00f3 do Candeeiro e avenidas, no Quintas do Morumbi, o pr\u00f3ximo passo ser\u00e1 a constru\u00e7\u00e3o de uma pra\u00e7a no terreno que fica pr\u00f3ximo ao Posto de Sa\u00fade Jos\u00e9 Luna, na Nova Itapetinga.<\/p>\n<p>A \u00e1rea, que antes pertencia aos loteadores, j\u00e1 foi desapropriada pelo munic\u00edpio, mas nunca recebeu nenhuma benfeitoria, servindo apenas de espa\u00e7o para arma\u00e7\u00e3o de parques de divers\u00e3o, circos e barracas. \u00c9 uma \u00e1rea enorme, que necessita de requalifica\u00e7\u00e3o.<\/p>\n<p>A inten\u00e7\u00e3o do prefeito Rodrigo Hagge, de acordo com o secret\u00e1rio Airton Ferraz, \u00e9 implantar um jardim moderno no local, com pistas de bloquetes de cimento intertravados, que j\u00e1 estariam sendo fabricados para este fim, al\u00e9m de equipamentos de lazer e esportes.<\/p>\n<p>A constru\u00e7\u00e3o de uma pra\u00e7a no local \u00e9 uma antiga aspira\u00e7\u00e3o da popula\u00e7\u00e3o do bairro, que nunca entendeu os motivos de uma \u00e1rea t\u00e3o nobre ficar abandonada por tanto tempo.<\/p>\n<p><strong><em>Por Davi Ferraz\u00a0<\/em><\/strong><\/p>\n","protected":false},"excerpt":{"rendered":"<p>Em conversa recente com o editor deste blog, o secret\u00e1rio municipal de Infraestrutura, Dr. Airton Ferraz, revelou que ap\u00f3s a conclus\u00e3o das obras na Pra\u00e7a Forr\u00f3 do Candeeiro e avenidas, no Quintas do Morumbi, o pr\u00f3ximo passo ser\u00e1 a constru\u00e7\u00e3o de uma pra\u00e7a no terreno que fica pr\u00f3ximo ao Posto de Sa\u00fade Jos\u00e9 Luna, na [&hellip;]<\/p>\n","protected":false},"author":2,"featured_media":70096,"comment_status":"open","ping_status":"open","sticky":false,"template":"","format":"standard","meta":{"footnotes":"","_links_to":"","_links_to_target":""},"categories":[1],"tags":[],"class_list":["post-70094","post","type-post","status-publish","format-standard","has-post-thumbnail","hentry","category-geral"],"views":3215,"_links":{"self":[{"href":"https:\/\/www.sudoestehoje.com.br\/novoportal\/wp-json\/wp\/v2\/posts\/70094","targetHints":{"allow":["GET"]}}],"collection":[{"href":"https:\/\/www.sudoestehoje.com.br\/novoportal\/wp-json\/wp\/v2\/posts"}],"about":[{"href":"https:\/\/www.sudoestehoje.com.br\/novoportal\/wp-json\/wp\/v2\/types\/post"}],"author":[{"embeddable":true,"href":"https:\/\/www.sudoestehoje.com.br\/novoportal\/wp-json\/wp\/v2\/users\/2"}],"replies":[{"embeddable":true,"href":"https:\/\/www.sudoestehoje.com.br\/novoportal\/wp-json\/wp\/v2\/comments?post=70094"}],"version-history":[{"count":3,"href":"https:\/\/www.sudoestehoje.com.br\/novoportal\/wp-json\/wp\/v2\/posts\/70094\/revisions"}],"predecessor-version":[{"id":70098,"href":"https:\/\/www.sudoestehoje.com.br\/novoportal\/wp-json\/wp\/v2\/posts\/70094\/revisions\/70098"}],"wp:featuredmedia":[{"embeddable":true,"href":"https:\/\/www.sudoestehoje.com.br\/novoportal\/wp-json\/wp\/v2\/media\/70096"}],"wp:attachment":[{"href":"https:\/\/www.sudoestehoje.com.br\/novoportal\/wp-json\/wp\/v2\/media?parent=70094"}],"wp:term":[{"taxonomy":"category","embeddable":true,"href":"https:\/\/www.sudoestehoje.com.br\/novoportal\/wp-json\/wp\/v2\/categories?post=70094"},{"taxonomy":"post_tag","embeddable":true,"href":"https:\/\/www.sudoestehoje.com.br\/novoportal\/wp-json\/wp\/v2\/tags?post=70094"}],"curies":[{"name":"wp","href":"https:\/\/api.w.org\/{rel}","templated":true}]}}