
{"id":70089,"date":"2018-01-23T11:49:58","date_gmt":"2018-01-23T14:49:58","guid":{"rendered":"http:\/\/www.sudoestehoje.com.br\/novoportal\/?p=70089"},"modified":"2018-01-23T11:49:58","modified_gmt":"2018-01-23T14:49:58","slug":"helicoptero-da-globo-cai-em-recife-2-mortos","status":"publish","type":"post","link":"https:\/\/www.sudoestehoje.com.br\/novoportal\/2018\/01\/23\/helicoptero-da-globo-cai-em-recife-2-mortos\/","title":{"rendered":"HELIC\u00d3PTERO DA GLOBO CAI EM RECIFE; 2 MORTOS"},"content":{"rendered":"<p><a href=\"http:\/\/www.sudoestehoje.com.br\/novoportal\/wp-content\/uploads\/2018\/01\/GLOBOCOP.jpg\"><img loading=\"lazy\" decoding=\"async\" class=\"aligncenter size-medium wp-image-70091\" src=\"http:\/\/www.sudoestehoje.com.br\/novoportal\/wp-content\/uploads\/2018\/01\/GLOBOCOP-500x281.jpg\" alt=\"\" width=\"500\" height=\"281\" srcset=\"https:\/\/www.sudoestehoje.com.br\/novoportal\/wp-content\/uploads\/2018\/01\/GLOBOCOP-500x281.jpg 500w, https:\/\/www.sudoestehoje.com.br\/novoportal\/wp-content\/uploads\/2018\/01\/GLOBOCOP-768x431.jpg 768w, https:\/\/www.sudoestehoje.com.br\/novoportal\/wp-content\/uploads\/2018\/01\/GLOBOCOP-700x393.jpg 700w, https:\/\/www.sudoestehoje.com.br\/novoportal\/wp-content\/uploads\/2018\/01\/GLOBOCOP.jpg 890w\" sizes=\"auto, (max-width: 500px) 100vw, 500px\" \/><\/a><\/p>\n<p>Um helic\u00f3ptero que prestava servi\u00e7os \u00e0 Rede Globo Nordeste caiu na manh\u00e3 desta ter\u00e7a-feira (23), no bairro do Pina, na Zona Sul do Recife, em Pernambuco. De Acordo com o Corpo de Bombeiros, o acidente aconteceu por volta das 6h, quando chovia bastante.\u00a0Duas pessoas morreram.\u00a0Moradores da regi\u00e3o acordaram assustados com o barulho da queda.<\/p>\n<p><em>(Imagem acima foi captada pelo Globocop antes da queda)<\/em><\/p>\n<p>Segundo a Rede Globo, dois dos ocupantes eram funcion\u00e1rios da empresa Helisae, que presta servi\u00e7os para a TV Globo h\u00e1 mais de 15 anos. O helic\u00f3ptero era pilotado pelo comandante Daniel Galv\u00e3o, que morreu no local. Tamb\u00e9m estavam a bordo a 1\u00aa sargento da Aeron\u00e1utica Lia Maria Abreu de Souza, que chegou a ser socorrida, mas faleceu, e o operador de imagens de transmiss\u00e3o Miguel Brendo Pontes Sim\u00f5es, que se encontra em estado grave no Hospital da Restaura\u00e7\u00e3o (HR).\u00a0Tr\u00eas mergulhadores dos bombeiros realizam as buscas pela aeronave que afundou no mar.<\/p>\n<p><a href=\"http:\/\/www.sudoestehoje.com.br\/novoportal\/wp-content\/uploads\/2018\/01\/HELI.jpg\"><img loading=\"lazy\" decoding=\"async\" class=\"aligncenter size-medium wp-image-70092\" src=\"http:\/\/www.sudoestehoje.com.br\/novoportal\/wp-content\/uploads\/2018\/01\/HELI-500x274.jpg\" alt=\"\" width=\"500\" height=\"274\" srcset=\"https:\/\/www.sudoestehoje.com.br\/novoportal\/wp-content\/uploads\/2018\/01\/HELI-500x274.jpg 500w, https:\/\/www.sudoestehoje.com.br\/novoportal\/wp-content\/uploads\/2018\/01\/HELI-700x384.jpg 700w, https:\/\/www.sudoestehoje.com.br\/novoportal\/wp-content\/uploads\/2018\/01\/HELI.jpg 748w\" sizes=\"auto, (max-width: 500px) 100vw, 500px\" \/><\/a><\/p>\n<p>O acidente aconteceu logo depois que o helic\u00f3ptero fez as imagens da abertura do telejornal Bom Dia Pernambuco, nesta ter\u00e7a-feira. A aeronave foi revisada na semana passada e j\u00e1 tinha feito v\u00e1rios voos normais desde ent\u00e3o.<\/p>\n<p>Uma equipe do Centro de Investiga\u00e7\u00e3o e Preven\u00e7\u00e3o de Acidentes Aeron\u00e1uticos (Cenipa) est\u00e1 no local do acidente. Imagens dos pr\u00e9dios no entorno devem ser utilizadas para entender como ocorreu a queda da aeronave.<\/p>\n","protected":false},"excerpt":{"rendered":"<p>Um helic\u00f3ptero que prestava servi\u00e7os \u00e0 Rede Globo Nordeste caiu na manh\u00e3 desta ter\u00e7a-feira (23), no bairro do Pina, na Zona Sul do Recife, em Pernambuco. De Acordo com o Corpo de Bombeiros, o acidente aconteceu por volta das 6h, quando chovia bastante.\u00a0Duas pessoas morreram.\u00a0Moradores da regi\u00e3o acordaram assustados com o barulho da queda. (Imagem [&hellip;]<\/p>\n","protected":false},"author":2,"featured_media":70091,"comment_status":"open","ping_status":"open","sticky":false,"template":"","format":"standard","meta":{"footnotes":"","_links_to":"","_links_to_target":""},"categories":[1],"tags":[],"class_list":["post-70089","post","type-post","status-publish","format-standard","has-post-thumbnail","hentry","category-geral"],"views":1206,"_links":{"self":[{"href":"https:\/\/www.sudoestehoje.com.br\/novoportal\/wp-json\/wp\/v2\/posts\/70089","targetHints":{"allow":["GET"]}}],"collection":[{"href":"https:\/\/www.sudoestehoje.com.br\/novoportal\/wp-json\/wp\/v2\/posts"}],"about":[{"href":"https:\/\/www.sudoestehoje.com.br\/novoportal\/wp-json\/wp\/v2\/types\/post"}],"author":[{"embeddable":true,"href":"https:\/\/www.sudoestehoje.com.br\/novoportal\/wp-json\/wp\/v2\/users\/2"}],"replies":[{"embeddable":true,"href":"https:\/\/www.sudoestehoje.com.br\/novoportal\/wp-json\/wp\/v2\/comments?post=70089"}],"version-history":[{"count":2,"href":"https:\/\/www.sudoestehoje.com.br\/novoportal\/wp-json\/wp\/v2\/posts\/70089\/revisions"}],"predecessor-version":[{"id":70093,"href":"https:\/\/www.sudoestehoje.com.br\/novoportal\/wp-json\/wp\/v2\/posts\/70089\/revisions\/70093"}],"wp:featuredmedia":[{"embeddable":true,"href":"https:\/\/www.sudoestehoje.com.br\/novoportal\/wp-json\/wp\/v2\/media\/70091"}],"wp:attachment":[{"href":"https:\/\/www.sudoestehoje.com.br\/novoportal\/wp-json\/wp\/v2\/media?parent=70089"}],"wp:term":[{"taxonomy":"category","embeddable":true,"href":"https:\/\/www.sudoestehoje.com.br\/novoportal\/wp-json\/wp\/v2\/categories?post=70089"},{"taxonomy":"post_tag","embeddable":true,"href":"https:\/\/www.sudoestehoje.com.br\/novoportal\/wp-json\/wp\/v2\/tags?post=70089"}],"curies":[{"name":"wp","href":"https:\/\/api.w.org\/{rel}","templated":true}]}}