
{"id":70081,"date":"2018-01-22T19:56:18","date_gmt":"2018-01-22T22:56:18","guid":{"rendered":"http:\/\/www.sudoestehoje.com.br\/novoportal\/?p=70081"},"modified":"2018-01-22T19:56:18","modified_gmt":"2018-01-22T22:56:18","slug":"saude-salvador-sediara-encontro-nacional-das-santas-casas","status":"publish","type":"post","link":"https:\/\/www.sudoestehoje.com.br\/novoportal\/2018\/01\/22\/saude-salvador-sediara-encontro-nacional-das-santas-casas\/","title":{"rendered":"SA\u00daDE: SALVADOR SEDIAR\u00c1 ENCONTRO NACIONAL DAS SANTAS CASAS"},"content":{"rendered":"<p><strong><a href=\"http:\/\/www.sudoestehoje.com.br\/novoportal\/wp-content\/uploads\/2018\/01\/Antonio-Brito-Pro-Santas-Casas.jpg\"><img loading=\"lazy\" decoding=\"async\" class=\"aligncenter size-medium wp-image-70082\" src=\"http:\/\/www.sudoestehoje.com.br\/novoportal\/wp-content\/uploads\/2018\/01\/Antonio-Brito-Pro-Santas-Casas-500x281.jpg\" alt=\"\" width=\"500\" height=\"281\" srcset=\"https:\/\/www.sudoestehoje.com.br\/novoportal\/wp-content\/uploads\/2018\/01\/Antonio-Brito-Pro-Santas-Casas-500x281.jpg 500w, https:\/\/www.sudoestehoje.com.br\/novoportal\/wp-content\/uploads\/2018\/01\/Antonio-Brito-Pro-Santas-Casas-768x432.jpg 768w, https:\/\/www.sudoestehoje.com.br\/novoportal\/wp-content\/uploads\/2018\/01\/Antonio-Brito-Pro-Santas-Casas-700x394.jpg 700w, https:\/\/www.sudoestehoje.com.br\/novoportal\/wp-content\/uploads\/2018\/01\/Antonio-Brito-Pro-Santas-Casas.jpg 1280w\" sizes=\"auto, (max-width: 500px) 100vw, 500px\" \/><\/a><\/strong><\/p>\n<p>O deputado federal Antonio Brito (PSD-BA), presidente da Frente Parlamentar de Apoio \u00e0s Santas Casas, Hospitais e Entidades Filantr\u00f3picas, esteve em S\u00e3o Paulo, nesta manh\u00e3 (22), para convidar o provedor da Santa Casa de S\u00e3o Paulo, Antonio Penteado, a participar do encontro a ser realizado em Salvador, no m\u00eas de fevereiro, na Santa Casa da Bahia, quando estar\u00e3o reunidas as Santas Casas de todo o Brasil.<\/p>\n<p>No evento, que ser\u00e1 promovido pela Federa\u00e7\u00e3o das Santas Casas da Bahia (FESFBA), ter\u00e1 como centro dos debates a situa\u00e7\u00e3o destas importantes entidades, assim como ser\u00e3o apresentadas as medidas assertivas que foram tomadas pela Santa Casa de S\u00e3o Paulo, inclusive de aprimoramento de gest\u00e3o, para evitar o seu fechamento. &#8220;Os esfor\u00e7os empreendidos para salvar a maior Santa Casa da Am\u00e9rica Latina servir\u00e3o de par\u00e2metro para outras a\u00e7\u00f5es que dever\u00e3o ser tomadas para beneficiar outras institui\u00e7\u00f5es do pa\u00eds&#8221;, explicou Antonio Brito.<\/p>\n<p>Tamb\u00e9m participou da reuni\u00e3o o superintendente da Santa Casa, Carlos Augusto Meinberg. Em 2016, a Santa Casa de S\u00e3o Paulo passou por uma grave crise, quando ocorreu a paralisa\u00e7\u00e3o de diversos setores e servi\u00e7os. Com a participa\u00e7\u00e3o decisiva da Frente Parlamentar, liderada pelo deputado Antonio Brito, a entidade conseguiu empr\u00e9stimos junto a institui\u00e7\u00f5es financeiras, assim como a sua reestrutura\u00e7\u00e3o por meio do refinanciamento das d\u00edvidas financeiras, al\u00e9m de medidas internas de gest\u00e3o, o que permitiu a sua sobreviv\u00eancia. \/\/Ascom<\/p>\n","protected":false},"excerpt":{"rendered":"<p>O deputado federal Antonio Brito (PSD-BA), presidente da Frente Parlamentar de Apoio \u00e0s Santas Casas, Hospitais e Entidades Filantr\u00f3picas, esteve em S\u00e3o Paulo, nesta manh\u00e3 (22), para convidar o provedor da Santa Casa de S\u00e3o Paulo, Antonio Penteado, a participar do encontro a ser realizado em Salvador, no m\u00eas de fevereiro, na Santa Casa da [&hellip;]<\/p>\n","protected":false},"author":2,"featured_media":70082,"comment_status":"open","ping_status":"open","sticky":false,"template":"","format":"standard","meta":{"footnotes":"","_links_to":"","_links_to_target":""},"categories":[1],"tags":[],"class_list":["post-70081","post","type-post","status-publish","format-standard","has-post-thumbnail","hentry","category-geral"],"views":1027,"_links":{"self":[{"href":"https:\/\/www.sudoestehoje.com.br\/novoportal\/wp-json\/wp\/v2\/posts\/70081","targetHints":{"allow":["GET"]}}],"collection":[{"href":"https:\/\/www.sudoestehoje.com.br\/novoportal\/wp-json\/wp\/v2\/posts"}],"about":[{"href":"https:\/\/www.sudoestehoje.com.br\/novoportal\/wp-json\/wp\/v2\/types\/post"}],"author":[{"embeddable":true,"href":"https:\/\/www.sudoestehoje.com.br\/novoportal\/wp-json\/wp\/v2\/users\/2"}],"replies":[{"embeddable":true,"href":"https:\/\/www.sudoestehoje.com.br\/novoportal\/wp-json\/wp\/v2\/comments?post=70081"}],"version-history":[{"count":1,"href":"https:\/\/www.sudoestehoje.com.br\/novoportal\/wp-json\/wp\/v2\/posts\/70081\/revisions"}],"predecessor-version":[{"id":70083,"href":"https:\/\/www.sudoestehoje.com.br\/novoportal\/wp-json\/wp\/v2\/posts\/70081\/revisions\/70083"}],"wp:featuredmedia":[{"embeddable":true,"href":"https:\/\/www.sudoestehoje.com.br\/novoportal\/wp-json\/wp\/v2\/media\/70082"}],"wp:attachment":[{"href":"https:\/\/www.sudoestehoje.com.br\/novoportal\/wp-json\/wp\/v2\/media?parent=70081"}],"wp:term":[{"taxonomy":"category","embeddable":true,"href":"https:\/\/www.sudoestehoje.com.br\/novoportal\/wp-json\/wp\/v2\/categories?post=70081"},{"taxonomy":"post_tag","embeddable":true,"href":"https:\/\/www.sudoestehoje.com.br\/novoportal\/wp-json\/wp\/v2\/tags?post=70081"}],"curies":[{"name":"wp","href":"https:\/\/api.w.org\/{rel}","templated":true}]}}