
{"id":70039,"date":"2018-01-21T22:57:44","date_gmt":"2018-01-22T01:57:44","guid":{"rendered":"http:\/\/www.sudoestehoje.com.br\/novoportal\/?p=70039"},"modified":"2018-01-21T22:57:44","modified_gmt":"2018-01-22T01:57:44","slug":"segunda-rodada-do-municipal-agitou-o-primaverao-na-tarde-deste-domingo","status":"publish","type":"post","link":"https:\/\/www.sudoestehoje.com.br\/novoportal\/2018\/01\/21\/segunda-rodada-do-municipal-agitou-o-primaverao-na-tarde-deste-domingo\/","title":{"rendered":"SEGUNDA RODADA DO MUNICIPAL AGITOU O PRIMAVER\u00c3O NA TARDE DESTE DOMINGO"},"content":{"rendered":"<p><a href=\"http:\/\/www.sudoestehoje.com.br\/novoportal\/wp-content\/uploads\/2018\/01\/est\u00e1dio.jpg\"><img loading=\"lazy\" decoding=\"async\" class=\"aligncenter size-medium wp-image-70042\" src=\"http:\/\/www.sudoestehoje.com.br\/novoportal\/wp-content\/uploads\/2018\/01\/est\u00e1dio-500x333.jpg\" alt=\"\" width=\"500\" height=\"333\" srcset=\"https:\/\/www.sudoestehoje.com.br\/novoportal\/wp-content\/uploads\/2018\/01\/est\u00e1dio-500x333.jpg 500w, https:\/\/www.sudoestehoje.com.br\/novoportal\/wp-content\/uploads\/2018\/01\/est\u00e1dio-768x512.jpg 768w, https:\/\/www.sudoestehoje.com.br\/novoportal\/wp-content\/uploads\/2018\/01\/est\u00e1dio-700x467.jpg 700w, https:\/\/www.sudoestehoje.com.br\/novoportal\/wp-content\/uploads\/2018\/01\/est\u00e1dio.jpg 960w\" sizes=\"auto, (max-width: 500px) 100vw, 500px\" \/><\/a><\/p>\n<p>Mais uma tarde memor\u00e1vel para o nosso futebol amador, com a realiza\u00e7\u00e3o da segunda rodada do Campeonato Municipal de Futebol, a 1\u00aa Copa Catol\u00e9, Ta\u00e7a Edvaldo Gomes Rodrigues.<\/p>\n<p>Neste domingo, 21, mais 2 jogos movimentaram a competi\u00e7\u00e3o, que mesmo debaixo de muito sol, agitaram o torcedor que compareceu ao Est\u00e1dio Primaver\u00e3o.<\/p>\n<p>Na primeira partida, o time do<strong> Independente<\/strong> e o <strong>Vila Riach\u00e3o<\/strong> ficaram no empate de<strong> 3 a 3<\/strong>, com Elder, Renato e Franklin marcando para o Independente e Jo\u00e3o Vitor (2 vezes) e Everton, marcaram para o Vila Riach\u00e3o.<\/p>\n<p>No segundo jogo da tarde, o <strong>Juventus<\/strong>, que foi a sensa\u00e7\u00e3o da abertura do Campeonato, foi surpreendido pelo <strong>Boca Juniors<\/strong> e foi derrotado por<strong> 2 a 1<\/strong>. Para o Boca marcaram Paulinho e Cabaninha, com Vandinho descontando para o Juventus. 9 gols na rodada com uma boa presen\u00e7a de p\u00fablico no Primaver\u00e3o.<\/p>\n<p>O Campeonato Municipal \u00e9 realizado pela JAW Esportes, com o apoio da LADI e da Secretaria Municipal de Esportes. \/\/Texto:\u00a0<em>M\u00e1rcio Santos\u00a0 &#8211; Fotos: Ary Cursino<\/em><\/p>\n\n\t\t<style type=\"text\/css\">\n\t\t\t#gallery-1 {\n\t\t\t\tmargin: auto;\n\t\t\t}\n\t\t\t#gallery-1 .gallery-item {\n\t\t\t\tfloat: left;\n\t\t\t\tmargin-top: 10px;\n\t\t\t\ttext-align: center;\n\t\t\t\twidth: 33%;\n\t\t\t}\n\t\t\t#gallery-1 img {\n\t\t\t\tborder: 2px solid #cfcfcf;\n\t\t\t}\n\t\t\t#gallery-1 .gallery-caption {\n\t\t\t\tmargin-left: 0;\n\t\t\t}\n\t\t\t\/* see gallery_shortcode() in wp-includes\/media.php *\/\n\t\t<\/style>\n\t\t<div id='gallery-1' class='gallery galleryid-70039 gallery-columns-3 gallery-size-thumbnail'><dl class='gallery-item'>\n\t\t\t<dt class='gallery-icon landscape'>\n\t\t\t\t<a href='https:\/\/www.sudoestehoje.com.br\/novoportal\/2018\/01\/21\/segunda-rodada-do-municipal-agitou-o-primaverao-na-tarde-deste-domingo\/campo-1-3\/'><img loading=\"lazy\" decoding=\"async\" width=\"150\" height=\"150\" src=\"https:\/\/www.sudoestehoje.com.br\/novoportal\/wp-content\/uploads\/2018\/01\/campo-1-150x150.jpg\" class=\"attachment-thumbnail size-thumbnail\" alt=\"\" \/><\/a>\n\t\t\t<\/dt><\/dl><dl class='gallery-item'>\n\t\t\t<dt class='gallery-icon landscape'>\n\t\t\t\t<a href='https:\/\/www.sudoestehoje.com.br\/novoportal\/2018\/01\/21\/segunda-rodada-do-municipal-agitou-o-primaverao-na-tarde-deste-domingo\/campo-2-3\/'><img loading=\"lazy\" decoding=\"async\" width=\"150\" height=\"150\" src=\"https:\/\/www.sudoestehoje.com.br\/novoportal\/wp-content\/uploads\/2018\/01\/campo-2-150x150.jpg\" class=\"attachment-thumbnail size-thumbnail\" alt=\"\" \/><\/a>\n\t\t\t<\/dt><\/dl><dl class='gallery-item'>\n\t\t\t<dt class='gallery-icon landscape'>\n\t\t\t\t<a href='https:\/\/www.sudoestehoje.com.br\/novoportal\/2018\/01\/21\/segunda-rodada-do-municipal-agitou-o-primaverao-na-tarde-deste-domingo\/campo-3-3\/'><img loading=\"lazy\" decoding=\"async\" width=\"150\" height=\"150\" src=\"https:\/\/www.sudoestehoje.com.br\/novoportal\/wp-content\/uploads\/2018\/01\/campo-3-150x150.jpg\" class=\"attachment-thumbnail size-thumbnail\" alt=\"\" \/><\/a>\n\t\t\t<\/dt><\/dl><br style=\"clear: both\" \/><dl class='gallery-item'>\n\t\t\t<dt class='gallery-icon landscape'>\n\t\t\t\t<a href='https:\/\/www.sudoestehoje.com.br\/novoportal\/2018\/01\/21\/segunda-rodada-do-municipal-agitou-o-primaverao-na-tarde-deste-domingo\/campo-4-3\/'><img loading=\"lazy\" decoding=\"async\" width=\"150\" height=\"150\" src=\"https:\/\/www.sudoestehoje.com.br\/novoportal\/wp-content\/uploads\/2018\/01\/campo-4-150x150.jpg\" class=\"attachment-thumbnail size-thumbnail\" alt=\"\" \/><\/a>\n\t\t\t<\/dt><\/dl><dl class='gallery-item'>\n\t\t\t<dt class='gallery-icon landscape'>\n\t\t\t\t<a href='https:\/\/www.sudoestehoje.com.br\/novoportal\/2018\/01\/21\/segunda-rodada-do-municipal-agitou-o-primaverao-na-tarde-deste-domingo\/campo-5-2\/'><img loading=\"lazy\" decoding=\"async\" width=\"150\" height=\"150\" src=\"https:\/\/www.sudoestehoje.com.br\/novoportal\/wp-content\/uploads\/2018\/01\/campo-5-150x150.jpg\" class=\"attachment-thumbnail size-thumbnail\" alt=\"\" \/><\/a>\n\t\t\t<\/dt><\/dl><dl class='gallery-item'>\n\t\t\t<dt class='gallery-icon landscape'>\n\t\t\t\t<a href='https:\/\/www.sudoestehoje.com.br\/novoportal\/2018\/01\/21\/segunda-rodada-do-municipal-agitou-o-primaverao-na-tarde-deste-domingo\/campo-6\/'><img loading=\"lazy\" decoding=\"async\" width=\"150\" height=\"150\" src=\"https:\/\/www.sudoestehoje.com.br\/novoportal\/wp-content\/uploads\/2018\/01\/campo-6-150x150.jpg\" class=\"attachment-thumbnail size-thumbnail\" alt=\"\" \/><\/a>\n\t\t\t<\/dt><\/dl><br style=\"clear: both\" \/><dl class='gallery-item'>\n\t\t\t<dt class='gallery-icon landscape'>\n\t\t\t\t<a href='https:\/\/www.sudoestehoje.com.br\/novoportal\/2018\/01\/21\/segunda-rodada-do-municipal-agitou-o-primaverao-na-tarde-deste-domingo\/campo-7\/'><img loading=\"lazy\" decoding=\"async\" width=\"150\" height=\"150\" src=\"https:\/\/www.sudoestehoje.com.br\/novoportal\/wp-content\/uploads\/2018\/01\/campo-7-150x150.jpg\" class=\"attachment-thumbnail size-thumbnail\" alt=\"\" \/><\/a>\n\t\t\t<\/dt><\/dl><dl class='gallery-item'>\n\t\t\t<dt class='gallery-icon landscape'>\n\t\t\t\t<a href='https:\/\/www.sudoestehoje.com.br\/novoportal\/2018\/01\/21\/segunda-rodada-do-municipal-agitou-o-primaverao-na-tarde-deste-domingo\/campo-8\/'><img loading=\"lazy\" decoding=\"async\" width=\"150\" height=\"150\" src=\"https:\/\/www.sudoestehoje.com.br\/novoportal\/wp-content\/uploads\/2018\/01\/campo-8-150x150.jpg\" class=\"attachment-thumbnail size-thumbnail\" alt=\"\" \/><\/a>\n\t\t\t<\/dt><\/dl><dl class='gallery-item'>\n\t\t\t<dt class='gallery-icon landscape'>\n\t\t\t\t<a href='https:\/\/www.sudoestehoje.com.br\/novoportal\/2018\/01\/21\/segunda-rodada-do-municipal-agitou-o-primaverao-na-tarde-deste-domingo\/campo-9\/'><img loading=\"lazy\" decoding=\"async\" width=\"150\" height=\"150\" src=\"https:\/\/www.sudoestehoje.com.br\/novoportal\/wp-content\/uploads\/2018\/01\/campo-9-150x150.jpg\" class=\"attachment-thumbnail size-thumbnail\" alt=\"\" \/><\/a>\n\t\t\t<\/dt><\/dl><br style=\"clear: both\" \/>\n\t\t<\/div>\n\n","protected":false},"excerpt":{"rendered":"<p>Mais uma tarde memor\u00e1vel para o nosso futebol amador, com a realiza\u00e7\u00e3o da segunda rodada do Campeonato Municipal de Futebol, a 1\u00aa Copa Catol\u00e9, Ta\u00e7a Edvaldo Gomes Rodrigues. Neste domingo, 21, mais 2 jogos movimentaram a competi\u00e7\u00e3o, que mesmo debaixo de muito sol, agitaram o torcedor que compareceu ao Est\u00e1dio Primaver\u00e3o. Na primeira partida, o [&hellip;]<\/p>\n","protected":false},"author":2,"featured_media":70042,"comment_status":"open","ping_status":"open","sticky":false,"template":"","format":"standard","meta":{"footnotes":"","_links_to":"","_links_to_target":""},"categories":[1],"tags":[],"class_list":["post-70039","post","type-post","status-publish","format-standard","has-post-thumbnail","hentry","category-geral"],"views":1171,"_links":{"self":[{"href":"https:\/\/www.sudoestehoje.com.br\/novoportal\/wp-json\/wp\/v2\/posts\/70039","targetHints":{"allow":["GET"]}}],"collection":[{"href":"https:\/\/www.sudoestehoje.com.br\/novoportal\/wp-json\/wp\/v2\/posts"}],"about":[{"href":"https:\/\/www.sudoestehoje.com.br\/novoportal\/wp-json\/wp\/v2\/types\/post"}],"author":[{"embeddable":true,"href":"https:\/\/www.sudoestehoje.com.br\/novoportal\/wp-json\/wp\/v2\/users\/2"}],"replies":[{"embeddable":true,"href":"https:\/\/www.sudoestehoje.com.br\/novoportal\/wp-json\/wp\/v2\/comments?post=70039"}],"version-history":[{"count":2,"href":"https:\/\/www.sudoestehoje.com.br\/novoportal\/wp-json\/wp\/v2\/posts\/70039\/revisions"}],"predecessor-version":[{"id":70052,"href":"https:\/\/www.sudoestehoje.com.br\/novoportal\/wp-json\/wp\/v2\/posts\/70039\/revisions\/70052"}],"wp:featuredmedia":[{"embeddable":true,"href":"https:\/\/www.sudoestehoje.com.br\/novoportal\/wp-json\/wp\/v2\/media\/70042"}],"wp:attachment":[{"href":"https:\/\/www.sudoestehoje.com.br\/novoportal\/wp-json\/wp\/v2\/media?parent=70039"}],"wp:term":[{"taxonomy":"category","embeddable":true,"href":"https:\/\/www.sudoestehoje.com.br\/novoportal\/wp-json\/wp\/v2\/categories?post=70039"},{"taxonomy":"post_tag","embeddable":true,"href":"https:\/\/www.sudoestehoje.com.br\/novoportal\/wp-json\/wp\/v2\/tags?post=70039"}],"curies":[{"name":"wp","href":"https:\/\/api.w.org\/{rel}","templated":true}]}}