
{"id":70026,"date":"2018-01-19T20:49:14","date_gmt":"2018-01-19T23:49:14","guid":{"rendered":"http:\/\/www.sudoestehoje.com.br\/novoportal\/?p=70026"},"modified":"2018-01-19T20:49:14","modified_gmt":"2018-01-19T23:49:14","slug":"collor-anuncia-sua-pre-candidatura-a-presidencia-da-republica","status":"publish","type":"post","link":"https:\/\/www.sudoestehoje.com.br\/novoportal\/2018\/01\/19\/collor-anuncia-sua-pre-candidatura-a-presidencia-da-republica\/","title":{"rendered":"COLLOR ANUNCIA SUA PR\u00c9-CANDIDATURA \u00c0 PRESID\u00caNCIA DA REP\u00daBLICA"},"content":{"rendered":"<p class=\"bodytext\"><a href=\"http:\/\/www.sudoestehoje.com.br\/novoportal\/wp-content\/uploads\/2018\/01\/COLLOR.jpg\"><img loading=\"lazy\" decoding=\"async\" class=\"aligncenter size-medium wp-image-70027\" src=\"http:\/\/www.sudoestehoje.com.br\/novoportal\/wp-content\/uploads\/2018\/01\/COLLOR-500x311.jpg\" alt=\"\" width=\"500\" height=\"311\" srcset=\"https:\/\/www.sudoestehoje.com.br\/novoportal\/wp-content\/uploads\/2018\/01\/COLLOR-500x311.jpg 500w, https:\/\/www.sudoestehoje.com.br\/novoportal\/wp-content\/uploads\/2018\/01\/COLLOR-768x478.jpg 768w, https:\/\/www.sudoestehoje.com.br\/novoportal\/wp-content\/uploads\/2018\/01\/COLLOR-700x436.jpg 700w, https:\/\/www.sudoestehoje.com.br\/novoportal\/wp-content\/uploads\/2018\/01\/COLLOR.jpg 940w\" sizes=\"auto, (max-width: 500px) 100vw, 500px\" \/><\/a><\/p>\n<p class=\"bodytext\">O senador Fernando Collor de Mello (PTC-AL) anunciou nesta sexta-feira, 19, que pretende se candidatar novamente \u00e0 Presid\u00eancia da Rep\u00fablica nas elei\u00e7\u00f5es gerais deste ano.<\/p>\n<p class=\"bodytext\"><em>&#8220;Digo a voc\u00eas que esse \u00e9 um dos momentos mais importantes da minha vida pessoal. Hoje, a minha decis\u00e3o est\u00e1 tomada: sou, sim, pr\u00e9-candidato \u00e0 Presid\u00eancia da Rep\u00fablica&#8221;<\/em>, afirmou o senador alagoano, que participou de um evento na cidade de Arapiraca com a prefeita C\u00e9lia Rocha (PTB).<\/p>\n<p class=\"bodytext\">Apelidado de &#8216;ca\u00e7ador de maraj\u00e1s&#8217;, Collor venceu em 1989 a primeira elei\u00e7\u00e3o direta ap\u00f3s a redemocratiza\u00e7\u00e3o do Pa\u00eds, derrotando v\u00e1rios candidatos, entre eles Leonel Brizola (PDT), Ulysses Guimar\u00e3es (PMDB) e o ex-presidente Luiz In\u00e1cio Lula da Silva (PT), com quem disputou o segundo turno. Ele comandou o Pa\u00eds entre 1990 e 1992, quando sofreu impeachment, por suspeita de corrup\u00e7\u00e3o. \/\/<em>Correio<\/em><\/p>\n","protected":false},"excerpt":{"rendered":"<p>O senador Fernando Collor de Mello (PTC-AL) anunciou nesta sexta-feira, 19, que pretende se candidatar novamente \u00e0 Presid\u00eancia da Rep\u00fablica nas elei\u00e7\u00f5es gerais deste ano. &#8220;Digo a voc\u00eas que esse \u00e9 um dos momentos mais importantes da minha vida pessoal. Hoje, a minha decis\u00e3o est\u00e1 tomada: sou, sim, pr\u00e9-candidato \u00e0 Presid\u00eancia da Rep\u00fablica&#8221;, afirmou o [&hellip;]<\/p>\n","protected":false},"author":2,"featured_media":70027,"comment_status":"open","ping_status":"open","sticky":false,"template":"","format":"standard","meta":{"footnotes":"","_links_to":"","_links_to_target":""},"categories":[1],"tags":[],"class_list":["post-70026","post","type-post","status-publish","format-standard","has-post-thumbnail","hentry","category-geral"],"views":1263,"_links":{"self":[{"href":"https:\/\/www.sudoestehoje.com.br\/novoportal\/wp-json\/wp\/v2\/posts\/70026","targetHints":{"allow":["GET"]}}],"collection":[{"href":"https:\/\/www.sudoestehoje.com.br\/novoportal\/wp-json\/wp\/v2\/posts"}],"about":[{"href":"https:\/\/www.sudoestehoje.com.br\/novoportal\/wp-json\/wp\/v2\/types\/post"}],"author":[{"embeddable":true,"href":"https:\/\/www.sudoestehoje.com.br\/novoportal\/wp-json\/wp\/v2\/users\/2"}],"replies":[{"embeddable":true,"href":"https:\/\/www.sudoestehoje.com.br\/novoportal\/wp-json\/wp\/v2\/comments?post=70026"}],"version-history":[{"count":1,"href":"https:\/\/www.sudoestehoje.com.br\/novoportal\/wp-json\/wp\/v2\/posts\/70026\/revisions"}],"predecessor-version":[{"id":70028,"href":"https:\/\/www.sudoestehoje.com.br\/novoportal\/wp-json\/wp\/v2\/posts\/70026\/revisions\/70028"}],"wp:featuredmedia":[{"embeddable":true,"href":"https:\/\/www.sudoestehoje.com.br\/novoportal\/wp-json\/wp\/v2\/media\/70027"}],"wp:attachment":[{"href":"https:\/\/www.sudoestehoje.com.br\/novoportal\/wp-json\/wp\/v2\/media?parent=70026"}],"wp:term":[{"taxonomy":"category","embeddable":true,"href":"https:\/\/www.sudoestehoje.com.br\/novoportal\/wp-json\/wp\/v2\/categories?post=70026"},{"taxonomy":"post_tag","embeddable":true,"href":"https:\/\/www.sudoestehoje.com.br\/novoportal\/wp-json\/wp\/v2\/tags?post=70026"}],"curies":[{"name":"wp","href":"https:\/\/api.w.org\/{rel}","templated":true}]}}