
{"id":70020,"date":"2018-01-19T09:33:07","date_gmt":"2018-01-19T12:33:07","guid":{"rendered":"http:\/\/www.sudoestehoje.com.br\/novoportal\/?p=70020"},"modified":"2018-01-19T09:33:07","modified_gmt":"2018-01-19T12:33:07","slug":"delegado-de-lauro-de-freitas-ameaca-atirar-em-advogado-e-nega-acesso-a-clientes","status":"publish","type":"post","link":"https:\/\/www.sudoestehoje.com.br\/novoportal\/2018\/01\/19\/delegado-de-lauro-de-freitas-ameaca-atirar-em-advogado-e-nega-acesso-a-clientes\/","title":{"rendered":"DELEGADO DE LAURO DE FREITAS AMEA\u00c7A ATIRAR EM ADVOGADO E NEGA ACESSO A CLIENTES"},"content":{"rendered":"<p><a href=\"http:\/\/www.sudoestehoje.com.br\/novoportal\/wp-content\/uploads\/2018\/01\/DELEGADO.jpg\"><img loading=\"lazy\" decoding=\"async\" class=\"aligncenter  wp-image-70022\" src=\"http:\/\/www.sudoestehoje.com.br\/novoportal\/wp-content\/uploads\/2018\/01\/DELEGADO.jpg\" alt=\"\" width=\"501\" height=\"369\" \/><\/a><\/p>\n<p>Um advogado teve a prerrogativa ferida na noite desta quinta-feira (17), na 23\u00aa Delegacia de Lauro de Freitas. O advogado Daniel Silva Santos foi agredido, empurrado duas vezes e recebeu voz de pris\u00e3o do delegado, que amea\u00e7ou atirar contra ele. No momento da agress\u00e3o, Daniel exigia que fosse cumprido o direito de conversar com tr\u00eas clientes presos em flagrante.<\/p>\n<p>O delegado ainda teria exigido que o advogado entregasse a carteira da Ordem dos Advogados do Brasil (OAB). Daniel pediu ajuda \u00e0\u00a0Comiss\u00e3o de Prerrogativas da Ordem. A comiss\u00e3o acionou a Corregedoria da Pol\u00edcia Civil e conseguiu garantir os direitos do advogado e permitir que ele conversasse com os clientes.<\/p>\n<p>A Corregedoria da Pol\u00edcia Civil solicitou ao delegado plantonista Maur\u00edcio Daltro que pegasse o depoimento do advogado para tomar as devidas provid\u00eancias.<\/p>\n","protected":false},"excerpt":{"rendered":"<p>Um advogado teve a prerrogativa ferida na noite desta quinta-feira (17), na 23\u00aa Delegacia de Lauro de Freitas. O advogado Daniel Silva Santos foi agredido, empurrado duas vezes e recebeu voz de pris\u00e3o do delegado, que amea\u00e7ou atirar contra ele. No momento da agress\u00e3o, Daniel exigia que fosse cumprido o direito de conversar com tr\u00eas [&hellip;]<\/p>\n","protected":false},"author":2,"featured_media":70022,"comment_status":"open","ping_status":"open","sticky":false,"template":"","format":"standard","meta":{"footnotes":"","_links_to":"","_links_to_target":""},"categories":[1],"tags":[],"class_list":["post-70020","post","type-post","status-publish","format-standard","has-post-thumbnail","hentry","category-geral"],"views":1139,"_links":{"self":[{"href":"https:\/\/www.sudoestehoje.com.br\/novoportal\/wp-json\/wp\/v2\/posts\/70020","targetHints":{"allow":["GET"]}}],"collection":[{"href":"https:\/\/www.sudoestehoje.com.br\/novoportal\/wp-json\/wp\/v2\/posts"}],"about":[{"href":"https:\/\/www.sudoestehoje.com.br\/novoportal\/wp-json\/wp\/v2\/types\/post"}],"author":[{"embeddable":true,"href":"https:\/\/www.sudoestehoje.com.br\/novoportal\/wp-json\/wp\/v2\/users\/2"}],"replies":[{"embeddable":true,"href":"https:\/\/www.sudoestehoje.com.br\/novoportal\/wp-json\/wp\/v2\/comments?post=70020"}],"version-history":[{"count":2,"href":"https:\/\/www.sudoestehoje.com.br\/novoportal\/wp-json\/wp\/v2\/posts\/70020\/revisions"}],"predecessor-version":[{"id":70023,"href":"https:\/\/www.sudoestehoje.com.br\/novoportal\/wp-json\/wp\/v2\/posts\/70020\/revisions\/70023"}],"wp:featuredmedia":[{"embeddable":true,"href":"https:\/\/www.sudoestehoje.com.br\/novoportal\/wp-json\/wp\/v2\/media\/70022"}],"wp:attachment":[{"href":"https:\/\/www.sudoestehoje.com.br\/novoportal\/wp-json\/wp\/v2\/media?parent=70020"}],"wp:term":[{"taxonomy":"category","embeddable":true,"href":"https:\/\/www.sudoestehoje.com.br\/novoportal\/wp-json\/wp\/v2\/categories?post=70020"},{"taxonomy":"post_tag","embeddable":true,"href":"https:\/\/www.sudoestehoje.com.br\/novoportal\/wp-json\/wp\/v2\/tags?post=70020"}],"curies":[{"name":"wp","href":"https:\/\/api.w.org\/{rel}","templated":true}]}}