
{"id":70003,"date":"2018-01-18T11:18:08","date_gmt":"2018-01-18T14:18:08","guid":{"rendered":"http:\/\/www.sudoestehoje.com.br\/novoportal\/?p=70003"},"modified":"2018-01-18T11:18:08","modified_gmt":"2018-01-18T14:18:08","slug":"nota-do-enem-2017-e-divulgada-confira","status":"publish","type":"post","link":"https:\/\/www.sudoestehoje.com.br\/novoportal\/2018\/01\/18\/nota-do-enem-2017-e-divulgada-confira\/","title":{"rendered":"NOTA DO ENEM 2017 \u00c9 DIVULGADA; CONFIRA"},"content":{"rendered":"<div class=\"mc-column content-text active-extra-styles active-capital-letter\" data-block-type=\"unstyled\" data-block-weight=\"47\" data-block-id=\"2\">\n<p class=\"content-text__container theme-color-primary-first-letter\" data-track-category=\"Link no Texto\" data-track-links=\"\"><a href=\"http:\/\/www.sudoestehoje.com.br\/novoportal\/wp-content\/uploads\/2018\/01\/ENEM-2017-Notas.jpg\"><img loading=\"lazy\" decoding=\"async\" class=\"aligncenter  wp-image-70004\" src=\"http:\/\/www.sudoestehoje.com.br\/novoportal\/wp-content\/uploads\/2018\/01\/ENEM-2017-Notas.jpg\" alt=\"\" width=\"500\" height=\"309\" \/><\/a><\/p>\n<p class=\"content-text__container theme-color-primary-first-letter\" data-track-category=\"Link no Texto\" data-track-links=\"\">As notas do Exame Nacional do Ensino M\u00e9dio (Enem) 2017 foram divulgadas nesta quinta-feira (18). O resultado s\u00f3 pode ser consultado individualmente. Para isso, os candidatos devem acessar a\u00a0<a href=\"https:\/\/enem.inep.gov.br\/participante\/#!\/inicial\" target=\"_blank\" rel=\"noopener noreferrer\">P\u00e1gina do Participante<\/a>\u00a0e incluir CPF e a senha cadastrada. Pouco antes das 12h, o site apresentava instatibilidade.<\/p>\n<\/div>\n<div class=\"mc-column content-text active-extra-styles \" data-block-type=\"unstyled\" data-block-weight=\"26\" data-block-id=\"3\">\n<p class=\"content-text__container \" data-track-category=\"Link no Texto\" data-track-links=\"\">O resultado dos treineiros s\u00f3 ser\u00e1 divulgado no dia 19 de mar\u00e7o. Na mesma data, o Minist\u00e9rio da Educa\u00e7\u00e3o tamb\u00e9m vai disponibilizar os espelhos da reda\u00e7\u00e3o.<\/p>\n<\/div>\n<div class=\"mc-column content-text active-extra-styles \" data-block-type=\"unstyled\" data-block-weight=\"37\" data-block-id=\"4\">\n<p class=\"content-text__container \" data-track-category=\"Link no Texto\" data-track-links=\"\">Nesta quinta, o Minist\u00e9rio da Educa\u00e7\u00e3o divulgou o balan\u00e7o sobre o desempenho dos candidatos na edi\u00e7\u00e3o de 2017 do exame.\u00a0<a href=\"https:\/\/g1.globo.com\/educacao\/enem\/2017\/noticia\/enem-2017-tem-queda-no-total-de-alunos-com-nota-mil-na-redacao.ghtml\">Apenas 53 alunos tiraram nota mil na reda\u00e7\u00e3o<\/a>, por\u00e9m a nota m\u00e9dia subiu de 541,9 para 558.<\/p>\n<\/div>\n<div class=\"mc-column content-text active-extra-styles \" data-block-type=\"unstyled\" data-block-weight=\"44\" data-block-id=\"5\">\n<p class=\"content-text__container \" data-track-category=\"Link no Texto\" data-track-links=\"\">Com a nota do Enem 2017, os estudantes podem pleitear uma vaga em uma universidade p\u00fablica que tenha aderido ao Sistema de Sele\u00e7\u00e3o Unificada (Sisu) 2018. Ser\u00e3o 130 institui\u00e7\u00f5es no Brasil &#8211; 30 estaduais e 100 federais -, que ofertar\u00e3o 239.601 vagas na gradua\u00e7\u00e3o.<\/p>\n<\/div>\n<div class=\"mc-column content-text active-extra-styles \" data-block-type=\"unstyled\" data-block-weight=\"35\" data-block-id=\"6\">\n<p class=\"content-text__container \" data-track-category=\"Link no Texto\" data-track-links=\"\">Nesta quinta-feira (18), o ministro Mendon\u00e7a Filho afirmou que o per\u00edodo de inscri\u00e7\u00e3o do Sisu vai ser antecipado para os dia 23 a 26 de janeiro. As inscri\u00e7\u00f5es ser\u00e3o feitas no site do programa (<a href=\"http:\/\/sisu.mec.gov.br\/\" target=\"_blank\" rel=\"noopener noreferrer\">http:\/\/sisu.mec.gov.br<\/a>).<\/p>\n<\/div>\n","protected":false},"excerpt":{"rendered":"<p>As notas do Exame Nacional do Ensino M\u00e9dio (Enem) 2017 foram divulgadas nesta quinta-feira (18). O resultado s\u00f3 pode ser consultado individualmente. Para isso, os candidatos devem acessar a\u00a0P\u00e1gina do Participante\u00a0e incluir CPF e a senha cadastrada. Pouco antes das 12h, o site apresentava instatibilidade. O resultado dos treineiros s\u00f3 ser\u00e1 divulgado no dia 19 [&hellip;]<\/p>\n","protected":false},"author":2,"featured_media":70004,"comment_status":"open","ping_status":"open","sticky":false,"template":"","format":"standard","meta":{"footnotes":"","_links_to":"","_links_to_target":""},"categories":[1],"tags":[],"class_list":["post-70003","post","type-post","status-publish","format-standard","has-post-thumbnail","hentry","category-geral"],"views":1394,"_links":{"self":[{"href":"https:\/\/www.sudoestehoje.com.br\/novoportal\/wp-json\/wp\/v2\/posts\/70003","targetHints":{"allow":["GET"]}}],"collection":[{"href":"https:\/\/www.sudoestehoje.com.br\/novoportal\/wp-json\/wp\/v2\/posts"}],"about":[{"href":"https:\/\/www.sudoestehoje.com.br\/novoportal\/wp-json\/wp\/v2\/types\/post"}],"author":[{"embeddable":true,"href":"https:\/\/www.sudoestehoje.com.br\/novoportal\/wp-json\/wp\/v2\/users\/2"}],"replies":[{"embeddable":true,"href":"https:\/\/www.sudoestehoje.com.br\/novoportal\/wp-json\/wp\/v2\/comments?post=70003"}],"version-history":[{"count":2,"href":"https:\/\/www.sudoestehoje.com.br\/novoportal\/wp-json\/wp\/v2\/posts\/70003\/revisions"}],"predecessor-version":[{"id":70006,"href":"https:\/\/www.sudoestehoje.com.br\/novoportal\/wp-json\/wp\/v2\/posts\/70003\/revisions\/70006"}],"wp:featuredmedia":[{"embeddable":true,"href":"https:\/\/www.sudoestehoje.com.br\/novoportal\/wp-json\/wp\/v2\/media\/70004"}],"wp:attachment":[{"href":"https:\/\/www.sudoestehoje.com.br\/novoportal\/wp-json\/wp\/v2\/media?parent=70003"}],"wp:term":[{"taxonomy":"category","embeddable":true,"href":"https:\/\/www.sudoestehoje.com.br\/novoportal\/wp-json\/wp\/v2\/categories?post=70003"},{"taxonomy":"post_tag","embeddable":true,"href":"https:\/\/www.sudoestehoje.com.br\/novoportal\/wp-json\/wp\/v2\/tags?post=70003"}],"curies":[{"name":"wp","href":"https:\/\/api.w.org\/{rel}","templated":true}]}}