
{"id":70,"date":"2010-09-13T21:27:05","date_gmt":"2010-09-14T00:27:05","guid":{"rendered":"http:\/\/sudoestehoje.tempsite.ws\/novoportal\/?p=70"},"modified":"2010-09-17T22:05:35","modified_gmt":"2010-09-18T01:05:35","slug":"marina-pede-investigacao-contra-ministra-da-casa-civil","status":"publish","type":"post","link":"https:\/\/www.sudoestehoje.com.br\/novoportal\/2010\/09\/13\/marina-pede-investigacao-contra-ministra-da-casa-civil\/","title":{"rendered":"MARINA PEDE INVESTIGA\u00c7\u00c3O CONTRA MINISTRA DA CASA CIVIL"},"content":{"rendered":"<div>\n<p style=\"text-align: center;\"><img decoding=\"async\" class=\"aligncenter\" src=\"http:\/\/oglobo.globo.com\/fotos\/2008\/05\/14\/14_MVG_salve_marina.jpg\" border=\"0\" alt=\"\" \/><\/p>\n<p style=\"text-align: justify;\">A candidata do PV \u00e0 Presid\u00eancia, Marina Silva, cobrou nesta segunda-feira (13) investiga\u00e7\u00e3o &#8220;rigorosa e urgente&#8221; sobre as den\u00fancias que vinculam a chefe da Casa Civil, Erenice Guerra, a lobbies privados junto ao governo. &#8220;\u00c9 um caso para ser investigado com todo rigor e urg\u00eancia, porque est\u00e1 ali a pessoa mais pr\u00f3xima do presidente da Rep\u00fablica&#8221;, disse a verde. A senadora afirmou que n\u00e3o far\u00e1 &#8220;condena\u00e7\u00e3o a priori&#8221; e que ainda aguarda mais informa\u00e7\u00f5es sobre o caso, mas refor\u00e7ou a necessidade de apura\u00e7\u00e3o r\u00e1pida do caso.<\/p>\n<\/div>\n","protected":false},"excerpt":{"rendered":"<p>A candidata do PV \u00e0 Presid\u00eancia, Marina Silva, cobrou nesta segunda-feira (13) investiga\u00e7\u00e3o &#8220;rigorosa e urgente&#8221; sobre as den\u00fancias que vinculam a chefe da Casa Civil, Erenice Guerra, a lobbies privados junto ao governo. &#8220;\u00c9 um caso para ser investigado com todo rigor e urg\u00eancia, porque est\u00e1 ali a pessoa mais pr\u00f3xima do presidente da [&hellip;]<\/p>\n","protected":false},"author":1,"featured_media":0,"comment_status":"open","ping_status":"open","sticky":false,"template":"","format":"standard","meta":{"footnotes":"","_links_to":"","_links_to_target":""},"categories":[1],"tags":[],"class_list":["post-70","post","type-post","status-publish","format-standard","hentry","category-geral"],"views":1224,"_links":{"self":[{"href":"https:\/\/www.sudoestehoje.com.br\/novoportal\/wp-json\/wp\/v2\/posts\/70","targetHints":{"allow":["GET"]}}],"collection":[{"href":"https:\/\/www.sudoestehoje.com.br\/novoportal\/wp-json\/wp\/v2\/posts"}],"about":[{"href":"https:\/\/www.sudoestehoje.com.br\/novoportal\/wp-json\/wp\/v2\/types\/post"}],"author":[{"embeddable":true,"href":"https:\/\/www.sudoestehoje.com.br\/novoportal\/wp-json\/wp\/v2\/users\/1"}],"replies":[{"embeddable":true,"href":"https:\/\/www.sudoestehoje.com.br\/novoportal\/wp-json\/wp\/v2\/comments?post=70"}],"version-history":[{"count":1,"href":"https:\/\/www.sudoestehoje.com.br\/novoportal\/wp-json\/wp\/v2\/posts\/70\/revisions"}],"predecessor-version":[{"id":71,"href":"https:\/\/www.sudoestehoje.com.br\/novoportal\/wp-json\/wp\/v2\/posts\/70\/revisions\/71"}],"wp:attachment":[{"href":"https:\/\/www.sudoestehoje.com.br\/novoportal\/wp-json\/wp\/v2\/media?parent=70"}],"wp:term":[{"taxonomy":"category","embeddable":true,"href":"https:\/\/www.sudoestehoje.com.br\/novoportal\/wp-json\/wp\/v2\/categories?post=70"},{"taxonomy":"post_tag","embeddable":true,"href":"https:\/\/www.sudoestehoje.com.br\/novoportal\/wp-json\/wp\/v2\/tags?post=70"}],"curies":[{"name":"wp","href":"https:\/\/api.w.org\/{rel}","templated":true}]}}