
{"id":69996,"date":"2018-01-18T10:08:46","date_gmt":"2018-01-18T13:08:46","guid":{"rendered":"http:\/\/www.sudoestehoje.com.br\/novoportal\/?p=69996"},"modified":"2018-01-18T10:10:55","modified_gmt":"2018-01-18T13:10:55","slug":"som-ensurdecedor-na-alameda-rui-barbosa","status":"publish","type":"post","link":"https:\/\/www.sudoestehoje.com.br\/novoportal\/2018\/01\/18\/som-ensurdecedor-na-alameda-rui-barbosa\/","title":{"rendered":"SOM ENSURDECEDOR NA ALAMEDA RUI BARBOSA"},"content":{"rendered":"<p><a href=\"http:\/\/www.sudoestehoje.com.br\/novoportal\/wp-content\/uploads\/2018\/01\/som-1.jpg\"><img loading=\"lazy\" decoding=\"async\" class=\"aligncenter size-medium wp-image-69998\" src=\"http:\/\/www.sudoestehoje.com.br\/novoportal\/wp-content\/uploads\/2018\/01\/som-1-500x314.jpg\" alt=\"\" width=\"500\" height=\"314\" srcset=\"https:\/\/www.sudoestehoje.com.br\/novoportal\/wp-content\/uploads\/2018\/01\/som-1-500x314.jpg 500w, https:\/\/www.sudoestehoje.com.br\/novoportal\/wp-content\/uploads\/2018\/01\/som-1-768x482.jpg 768w, https:\/\/www.sudoestehoje.com.br\/novoportal\/wp-content\/uploads\/2018\/01\/som-1-700x440.jpg 700w, https:\/\/www.sudoestehoje.com.br\/novoportal\/wp-content\/uploads\/2018\/01\/som-1.jpg 960w\" sizes=\"auto, (max-width: 500px) 100vw, 500px\" \/><\/a><\/p>\n<p>Nos \u00faltimos anos, o uso de equipamentos de som nas lojas de Itapetinga se alastrou, transformando o centro da cidade em um festival de pared\u00f5es, com locutores travando uma disputa intermin\u00e1vel, sem falar das m\u00fasicas de p\u00e9ssimo gosto.<\/p>\n<p>\u00c9 compreens\u00edvel e leg\u00edtimo que as lojas lancem m\u00e3o das aparelhagens de som para fazer suas publicidades, principalmente nessa \u00e9poca de crise no com\u00e9rcio, mas n\u00e3o podem nem devem abusar.<\/p>\n<p>Na manh\u00e3 desta quinta-feira (18), um equipamento de som foi instalado na Alameda Rui Barbosa, para divulgar a promo\u00e7\u00e3o de uma loja de cal\u00e7ados, utilizando volume alt\u00edssimo, quase ensurdecedor.<\/p>\n<p>Isto \u00e9 um abuso e desrespeito com as pessoas que trabalham e transitam naquele espa\u00e7o, o que deve ser coibido pelo \u00f3rg\u00e3o municipal respons\u00e1vel, j\u00e1 que a lei limita o volume de decib\u00e9is que pode ser utilizado em espa\u00e7os\u00a0 e vias p\u00fablicas, inclusive por carros de som.<\/p>\n<p>Se for a Comutran, t\u00e1 na hora de atuar.<\/p>\n<p><strong><em>Por Davi Ferraz<\/em><\/strong><\/p>\n","protected":false},"excerpt":{"rendered":"<p>Nos \u00faltimos anos, o uso de equipamentos de som nas lojas de Itapetinga se alastrou, transformando o centro da cidade em um festival de pared\u00f5es, com locutores travando uma disputa intermin\u00e1vel, sem falar das m\u00fasicas de p\u00e9ssimo gosto. \u00c9 compreens\u00edvel e leg\u00edtimo que as lojas lancem m\u00e3o das aparelhagens de som para fazer suas publicidades, [&hellip;]<\/p>\n","protected":false},"author":2,"featured_media":69998,"comment_status":"open","ping_status":"open","sticky":false,"template":"","format":"standard","meta":{"footnotes":"","_links_to":"","_links_to_target":""},"categories":[1],"tags":[],"class_list":["post-69996","post","type-post","status-publish","format-standard","has-post-thumbnail","hentry","category-geral"],"views":1844,"_links":{"self":[{"href":"https:\/\/www.sudoestehoje.com.br\/novoportal\/wp-json\/wp\/v2\/posts\/69996","targetHints":{"allow":["GET"]}}],"collection":[{"href":"https:\/\/www.sudoestehoje.com.br\/novoportal\/wp-json\/wp\/v2\/posts"}],"about":[{"href":"https:\/\/www.sudoestehoje.com.br\/novoportal\/wp-json\/wp\/v2\/types\/post"}],"author":[{"embeddable":true,"href":"https:\/\/www.sudoestehoje.com.br\/novoportal\/wp-json\/wp\/v2\/users\/2"}],"replies":[{"embeddable":true,"href":"https:\/\/www.sudoestehoje.com.br\/novoportal\/wp-json\/wp\/v2\/comments?post=69996"}],"version-history":[{"count":4,"href":"https:\/\/www.sudoestehoje.com.br\/novoportal\/wp-json\/wp\/v2\/posts\/69996\/revisions"}],"predecessor-version":[{"id":70002,"href":"https:\/\/www.sudoestehoje.com.br\/novoportal\/wp-json\/wp\/v2\/posts\/69996\/revisions\/70002"}],"wp:featuredmedia":[{"embeddable":true,"href":"https:\/\/www.sudoestehoje.com.br\/novoportal\/wp-json\/wp\/v2\/media\/69998"}],"wp:attachment":[{"href":"https:\/\/www.sudoestehoje.com.br\/novoportal\/wp-json\/wp\/v2\/media?parent=69996"}],"wp:term":[{"taxonomy":"category","embeddable":true,"href":"https:\/\/www.sudoestehoje.com.br\/novoportal\/wp-json\/wp\/v2\/categories?post=69996"},{"taxonomy":"post_tag","embeddable":true,"href":"https:\/\/www.sudoestehoje.com.br\/novoportal\/wp-json\/wp\/v2\/tags?post=69996"}],"curies":[{"name":"wp","href":"https:\/\/api.w.org\/{rel}","templated":true}]}}