
{"id":69990,"date":"2018-01-18T08:26:53","date_gmt":"2018-01-18T11:26:53","guid":{"rendered":"http:\/\/www.sudoestehoje.com.br\/novoportal\/?p=69990"},"modified":"2018-01-18T08:30:47","modified_gmt":"2018-01-18T11:30:47","slug":"itapetinga-falta-de-lacres-na-19a-ciretran-impede-emplacamento-de-novos-veiculos","status":"publish","type":"post","link":"https:\/\/www.sudoestehoje.com.br\/novoportal\/2018\/01\/18\/itapetinga-falta-de-lacres-na-19a-ciretran-impede-emplacamento-de-novos-veiculos\/","title":{"rendered":"ITAPETINGA: FALTA DE LACRES NA 19\u00aa CIRETRAN IMPEDE EMPLACAMENTO DE NOVOS VE\u00cdCULOS"},"content":{"rendered":"<p><a href=\"http:\/\/www.sudoestehoje.com.br\/novoportal\/wp-content\/uploads\/2018\/01\/lacre.jpg\"><img loading=\"lazy\" decoding=\"async\" class=\"aligncenter size-medium wp-image-69992\" src=\"http:\/\/www.sudoestehoje.com.br\/novoportal\/wp-content\/uploads\/2018\/01\/lacre-500x327.jpg\" alt=\"\" width=\"500\" height=\"327\" srcset=\"https:\/\/www.sudoestehoje.com.br\/novoportal\/wp-content\/uploads\/2018\/01\/lacre-500x327.jpg 500w, https:\/\/www.sudoestehoje.com.br\/novoportal\/wp-content\/uploads\/2018\/01\/lacre.jpg 640w\" sizes=\"auto, (max-width: 500px) 100vw, 500px\" \/><\/a><\/p>\n<p>Nos \u00faltimos dias, o blog vem recebendo in\u00fameras reclama\u00e7\u00f5es de leitores dando conta da falta de &#8216;lacres&#8217; para emplacamento de novos ve\u00edculos na 19\u00aa Ciretran de Itapetinga.<\/p>\n<p>Segundo informa\u00e7\u00f5es das emplacadoras, o lacre \u00e9 obrigat\u00f3rio para a fixa\u00e7\u00e3o das placas e sem ele o processo de emplacamento fica incompleto, impedindo, inclusive, a emiss\u00e3o do DUT pelo pr\u00f3prio Detran.<\/p>\n<p>Sem o documento e sem as placas, o propriet\u00e1rio do ve\u00edculo fica impedido de trafegar, sob pena de ser multado e at\u00e9 ter o ve\u00edculo apreendido, por falta de emplacamento.<\/p>\n<p>De acordo com uma fonte que n\u00e3o quis se identificar, a coordena\u00e7\u00e3o do 19\u00aa Ciretran informa apenas que est\u00e1 &#8220;esperando chegar&#8221;, mas que n\u00e3o tem nenhuma previs\u00e3o.<\/p>\n<p>O Detran em Salvador informou, atrav\u00e9s de contato telef\u00f4nico, que o abastecimento de lacres nas Ciretrans e Retrans em todo o Estado est\u00e1 normalizado e que n\u00e3o recebeu novo pedido da Ciretran de Itapetinga.<\/p>\n<p>O Coordenador da 19\u00aa Ciretran de Itapetinga \u00e9 o radialista e ex-vereador Amaral Junior, por indica\u00e7\u00e3o do deputado estadual Rosemberg Pinto (PT).<\/p>\n","protected":false},"excerpt":{"rendered":"<p>Nos \u00faltimos dias, o blog vem recebendo in\u00fameras reclama\u00e7\u00f5es de leitores dando conta da falta de &#8216;lacres&#8217; para emplacamento de novos ve\u00edculos na 19\u00aa Ciretran de Itapetinga. Segundo informa\u00e7\u00f5es das emplacadoras, o lacre \u00e9 obrigat\u00f3rio para a fixa\u00e7\u00e3o das placas e sem ele o processo de emplacamento fica incompleto, impedindo, inclusive, a emiss\u00e3o do DUT [&hellip;]<\/p>\n","protected":false},"author":2,"featured_media":69992,"comment_status":"open","ping_status":"open","sticky":false,"template":"","format":"standard","meta":{"footnotes":"","_links_to":"","_links_to_target":""},"categories":[1],"tags":[],"class_list":["post-69990","post","type-post","status-publish","format-standard","has-post-thumbnail","hentry","category-geral"],"views":1520,"_links":{"self":[{"href":"https:\/\/www.sudoestehoje.com.br\/novoportal\/wp-json\/wp\/v2\/posts\/69990","targetHints":{"allow":["GET"]}}],"collection":[{"href":"https:\/\/www.sudoestehoje.com.br\/novoportal\/wp-json\/wp\/v2\/posts"}],"about":[{"href":"https:\/\/www.sudoestehoje.com.br\/novoportal\/wp-json\/wp\/v2\/types\/post"}],"author":[{"embeddable":true,"href":"https:\/\/www.sudoestehoje.com.br\/novoportal\/wp-json\/wp\/v2\/users\/2"}],"replies":[{"embeddable":true,"href":"https:\/\/www.sudoestehoje.com.br\/novoportal\/wp-json\/wp\/v2\/comments?post=69990"}],"version-history":[{"count":4,"href":"https:\/\/www.sudoestehoje.com.br\/novoportal\/wp-json\/wp\/v2\/posts\/69990\/revisions"}],"predecessor-version":[{"id":69995,"href":"https:\/\/www.sudoestehoje.com.br\/novoportal\/wp-json\/wp\/v2\/posts\/69990\/revisions\/69995"}],"wp:featuredmedia":[{"embeddable":true,"href":"https:\/\/www.sudoestehoje.com.br\/novoportal\/wp-json\/wp\/v2\/media\/69992"}],"wp:attachment":[{"href":"https:\/\/www.sudoestehoje.com.br\/novoportal\/wp-json\/wp\/v2\/media?parent=69990"}],"wp:term":[{"taxonomy":"category","embeddable":true,"href":"https:\/\/www.sudoestehoje.com.br\/novoportal\/wp-json\/wp\/v2\/categories?post=69990"},{"taxonomy":"post_tag","embeddable":true,"href":"https:\/\/www.sudoestehoje.com.br\/novoportal\/wp-json\/wp\/v2\/tags?post=69990"}],"curies":[{"name":"wp","href":"https:\/\/api.w.org\/{rel}","templated":true}]}}