
{"id":69986,"date":"2018-01-17T23:08:54","date_gmt":"2018-01-18T02:08:54","guid":{"rendered":"http:\/\/www.sudoestehoje.com.br\/novoportal\/?p=69986"},"modified":"2018-01-17T23:08:54","modified_gmt":"2018-01-18T02:08:54","slug":"resultado-do-enem-deve-sair-nesta-quinta","status":"publish","type":"post","link":"https:\/\/www.sudoestehoje.com.br\/novoportal\/2018\/01\/17\/resultado-do-enem-deve-sair-nesta-quinta\/","title":{"rendered":"RESULTADO DO ENEM DEVE SAIR NESTA QUINTA"},"content":{"rendered":"<p><a href=\"http:\/\/www.sudoestehoje.com.br\/novoportal\/wp-content\/uploads\/2018\/01\/enem-resultado.jpg\"><img loading=\"lazy\" decoding=\"async\" class=\"aligncenter size-medium wp-image-69988\" src=\"http:\/\/www.sudoestehoje.com.br\/novoportal\/wp-content\/uploads\/2018\/01\/enem-resultado-500x294.jpg\" alt=\"\" width=\"500\" height=\"294\" srcset=\"https:\/\/www.sudoestehoje.com.br\/novoportal\/wp-content\/uploads\/2018\/01\/enem-resultado-500x294.jpg 500w, https:\/\/www.sudoestehoje.com.br\/novoportal\/wp-content\/uploads\/2018\/01\/enem-resultado.jpg 600w\" sizes=\"auto, (max-width: 500px) 100vw, 500px\" \/><\/a><\/p>\n<p>Segundo o Instituto Nacional de Estudos e Pesquisas Educacionais An\u00edsio Teixeira (Inep) o resultado do Exame Nacional do Ensino M\u00e9dio (Enem) 2017 deve ser divulgado nesta quinta-feira (18), \u00e0s 11h.<\/p>\n<p>Para acessar o resultado, ser\u00e1 necess\u00e1rio informar o CPF e a senha cadastrada no momento da inscri\u00e7\u00e3o no Enem. Quem n\u00e3o se lembra da senha pode recuper\u00e1-la na P\u00e1gina do Participante.<\/p>\n<p>\u00c9 com ela que o estudante tamb\u00e9m ter\u00e1 acesso ao Sistema de Sele\u00e7\u00e3o Unificada (Sisu), que ficar\u00e1 aberto de 29 de janeiro a 1\u00ba de fevereiro.<\/p>\n<p>&nbsp;<\/p>\n","protected":false},"excerpt":{"rendered":"<p>Segundo o Instituto Nacional de Estudos e Pesquisas Educacionais An\u00edsio Teixeira (Inep) o resultado do Exame Nacional do Ensino M\u00e9dio (Enem) 2017 deve ser divulgado nesta quinta-feira (18), \u00e0s 11h. Para acessar o resultado, ser\u00e1 necess\u00e1rio informar o CPF e a senha cadastrada no momento da inscri\u00e7\u00e3o no Enem. Quem n\u00e3o se lembra da senha [&hellip;]<\/p>\n","protected":false},"author":2,"featured_media":69988,"comment_status":"open","ping_status":"open","sticky":false,"template":"","format":"standard","meta":{"footnotes":"","_links_to":"","_links_to_target":""},"categories":[1],"tags":[],"class_list":["post-69986","post","type-post","status-publish","format-standard","has-post-thumbnail","hentry","category-geral"],"views":1041,"_links":{"self":[{"href":"https:\/\/www.sudoestehoje.com.br\/novoportal\/wp-json\/wp\/v2\/posts\/69986","targetHints":{"allow":["GET"]}}],"collection":[{"href":"https:\/\/www.sudoestehoje.com.br\/novoportal\/wp-json\/wp\/v2\/posts"}],"about":[{"href":"https:\/\/www.sudoestehoje.com.br\/novoportal\/wp-json\/wp\/v2\/types\/post"}],"author":[{"embeddable":true,"href":"https:\/\/www.sudoestehoje.com.br\/novoportal\/wp-json\/wp\/v2\/users\/2"}],"replies":[{"embeddable":true,"href":"https:\/\/www.sudoestehoje.com.br\/novoportal\/wp-json\/wp\/v2\/comments?post=69986"}],"version-history":[{"count":2,"href":"https:\/\/www.sudoestehoje.com.br\/novoportal\/wp-json\/wp\/v2\/posts\/69986\/revisions"}],"predecessor-version":[{"id":69989,"href":"https:\/\/www.sudoestehoje.com.br\/novoportal\/wp-json\/wp\/v2\/posts\/69986\/revisions\/69989"}],"wp:featuredmedia":[{"embeddable":true,"href":"https:\/\/www.sudoestehoje.com.br\/novoportal\/wp-json\/wp\/v2\/media\/69988"}],"wp:attachment":[{"href":"https:\/\/www.sudoestehoje.com.br\/novoportal\/wp-json\/wp\/v2\/media?parent=69986"}],"wp:term":[{"taxonomy":"category","embeddable":true,"href":"https:\/\/www.sudoestehoje.com.br\/novoportal\/wp-json\/wp\/v2\/categories?post=69986"},{"taxonomy":"post_tag","embeddable":true,"href":"https:\/\/www.sudoestehoje.com.br\/novoportal\/wp-json\/wp\/v2\/tags?post=69986"}],"curies":[{"name":"wp","href":"https:\/\/api.w.org\/{rel}","templated":true}]}}