
{"id":69977,"date":"2018-01-17T11:18:36","date_gmt":"2018-01-17T14:18:36","guid":{"rendered":"http:\/\/www.sudoestehoje.com.br\/novoportal\/?p=69977"},"modified":"2018-01-17T11:24:23","modified_gmt":"2018-01-17T14:24:23","slug":"nome-de-lazaro-para-senador-faz-estrategistas-de-rui-lancarem-antonio-brito","status":"publish","type":"post","link":"https:\/\/www.sudoestehoje.com.br\/novoportal\/2018\/01\/17\/nome-de-lazaro-para-senador-faz-estrategistas-de-rui-lancarem-antonio-brito\/","title":{"rendered":"NOME DE L\u00c1ZARO FAZ ESTRATEGISTAS DE RUI LAN\u00c7AREM ANT\u00d4NIO BRITO"},"content":{"rendered":"<p><a href=\"http:\/\/www.sudoestehoje.com.br\/novoportal\/wp-content\/uploads\/2018\/01\/A-BRITO.jpg\"><img loading=\"lazy\" decoding=\"async\" class=\"aligncenter size-medium wp-image-69978\" src=\"http:\/\/www.sudoestehoje.com.br\/novoportal\/wp-content\/uploads\/2018\/01\/A-BRITO-500x281.jpg\" alt=\"\" width=\"500\" height=\"281\" srcset=\"https:\/\/www.sudoestehoje.com.br\/novoportal\/wp-content\/uploads\/2018\/01\/A-BRITO-500x281.jpg 500w, https:\/\/www.sudoestehoje.com.br\/novoportal\/wp-content\/uploads\/2018\/01\/A-BRITO-768x431.jpg 768w, https:\/\/www.sudoestehoje.com.br\/novoportal\/wp-content\/uploads\/2018\/01\/A-BRITO-700x393.jpg 700w, https:\/\/www.sudoestehoje.com.br\/novoportal\/wp-content\/uploads\/2018\/01\/A-BRITO.jpg 890w\" sizes=\"auto, (max-width: 500px) 100vw, 500px\" \/><\/a><\/p>\n<p>Na disputa pelo Governo do Estado, oposi\u00e7\u00e3o e situa\u00e7\u00e3o est\u00e3o de olho no movimento um do outro. Depois de surgir o nome de Irm\u00e3o L\u00e1zaro (PSC), deputado federal, negro, evang\u00e9lico, cantor gospel com grande penetra\u00e7\u00e3o no interior, como um poss\u00edvel postulante a uma vaga de senador na chapa de ACM Neto, os estrategistas de Rui Costa se mexeram imediatamente.<\/p>\n<p>Logo surgiu na m\u00eddia o nome do deputado federal, Ant\u00f4nio Brito (PSD), tamb\u00e9m negro e com penetra\u00e7\u00e3o no interior, para compor a chapa da situa\u00e7\u00e3o, mas na vaga de vice-governador.<\/p>\n<p><a href=\"http:\/\/www.sudoestehoje.com.br\/novoportal\/wp-content\/uploads\/2018\/01\/Irm\u00e3o-Lazaro.jpg\"><img loading=\"lazy\" decoding=\"async\" class=\"aligncenter size-medium wp-image-69979\" src=\"http:\/\/www.sudoestehoje.com.br\/novoportal\/wp-content\/uploads\/2018\/01\/Irm\u00e3o-Lazaro-500x319.jpg\" alt=\"\" width=\"500\" height=\"319\" srcset=\"https:\/\/www.sudoestehoje.com.br\/novoportal\/wp-content\/uploads\/2018\/01\/Irm\u00e3o-Lazaro-500x319.jpg 500w, https:\/\/www.sudoestehoje.com.br\/novoportal\/wp-content\/uploads\/2018\/01\/Irm\u00e3o-Lazaro.jpg 564w\" sizes=\"auto, (max-width: 500px) 100vw, 500px\" \/><\/a><\/p>\n<p>Ou seja, cutucaram Jo\u00e3o Le\u00e3o (PP), que \u00e9 vice e quer continuar, e \u00c2ngelo Coronel (PSD), presidente da Assembl\u00e9ia Legislativa, que quer uma vaga para o Senado, mas ele e Brito s\u00e3o do mesmo partido. Vamos aguardar os pr\u00f3ximos lances desse jogo.<\/p>\n","protected":false},"excerpt":{"rendered":"<p>Na disputa pelo Governo do Estado, oposi\u00e7\u00e3o e situa\u00e7\u00e3o est\u00e3o de olho no movimento um do outro. Depois de surgir o nome de Irm\u00e3o L\u00e1zaro (PSC), deputado federal, negro, evang\u00e9lico, cantor gospel com grande penetra\u00e7\u00e3o no interior, como um poss\u00edvel postulante a uma vaga de senador na chapa de ACM Neto, os estrategistas de Rui [&hellip;]<\/p>\n","protected":false},"author":2,"featured_media":69978,"comment_status":"open","ping_status":"open","sticky":false,"template":"","format":"standard","meta":{"footnotes":"","_links_to":"","_links_to_target":""},"categories":[1],"tags":[],"class_list":["post-69977","post","type-post","status-publish","format-standard","has-post-thumbnail","hentry","category-geral"],"views":1754,"_links":{"self":[{"href":"https:\/\/www.sudoestehoje.com.br\/novoportal\/wp-json\/wp\/v2\/posts\/69977","targetHints":{"allow":["GET"]}}],"collection":[{"href":"https:\/\/www.sudoestehoje.com.br\/novoportal\/wp-json\/wp\/v2\/posts"}],"about":[{"href":"https:\/\/www.sudoestehoje.com.br\/novoportal\/wp-json\/wp\/v2\/types\/post"}],"author":[{"embeddable":true,"href":"https:\/\/www.sudoestehoje.com.br\/novoportal\/wp-json\/wp\/v2\/users\/2"}],"replies":[{"embeddable":true,"href":"https:\/\/www.sudoestehoje.com.br\/novoportal\/wp-json\/wp\/v2\/comments?post=69977"}],"version-history":[{"count":3,"href":"https:\/\/www.sudoestehoje.com.br\/novoportal\/wp-json\/wp\/v2\/posts\/69977\/revisions"}],"predecessor-version":[{"id":69982,"href":"https:\/\/www.sudoestehoje.com.br\/novoportal\/wp-json\/wp\/v2\/posts\/69977\/revisions\/69982"}],"wp:featuredmedia":[{"embeddable":true,"href":"https:\/\/www.sudoestehoje.com.br\/novoportal\/wp-json\/wp\/v2\/media\/69978"}],"wp:attachment":[{"href":"https:\/\/www.sudoestehoje.com.br\/novoportal\/wp-json\/wp\/v2\/media?parent=69977"}],"wp:term":[{"taxonomy":"category","embeddable":true,"href":"https:\/\/www.sudoestehoje.com.br\/novoportal\/wp-json\/wp\/v2\/categories?post=69977"},{"taxonomy":"post_tag","embeddable":true,"href":"https:\/\/www.sudoestehoje.com.br\/novoportal\/wp-json\/wp\/v2\/tags?post=69977"}],"curies":[{"name":"wp","href":"https:\/\/api.w.org\/{rel}","templated":true}]}}