
{"id":69973,"date":"2018-01-17T10:07:53","date_gmt":"2018-01-17T13:07:53","guid":{"rendered":"http:\/\/www.sudoestehoje.com.br\/novoportal\/?p=69973"},"modified":"2018-01-17T10:07:53","modified_gmt":"2018-01-17T13:07:53","slug":"oms-considera-todo-o-estado-de-sao-paulo-como-area-de-risco-da-febre-amarela","status":"publish","type":"post","link":"https:\/\/www.sudoestehoje.com.br\/novoportal\/2018\/01\/17\/oms-considera-todo-o-estado-de-sao-paulo-como-area-de-risco-da-febre-amarela\/","title":{"rendered":"OMS CONSIDERA TODO O ESTADO DE S\u00c3O PAULO COMO \u00c1REA DE RISCO DA FEBRE AMARELA"},"content":{"rendered":"<p><a href=\"http:\/\/www.sudoestehoje.com.br\/novoportal\/wp-content\/uploads\/2018\/01\/VACINA-FEBRE-AMARELA.jpg\"><img loading=\"lazy\" decoding=\"async\" class=\"aligncenter size-medium wp-image-69975\" src=\"http:\/\/www.sudoestehoje.com.br\/novoportal\/wp-content\/uploads\/2018\/01\/VACINA-FEBRE-AMARELA-500x333.jpg\" alt=\"\" width=\"500\" height=\"333\" srcset=\"https:\/\/www.sudoestehoje.com.br\/novoportal\/wp-content\/uploads\/2018\/01\/VACINA-FEBRE-AMARELA-500x333.jpg 500w, https:\/\/www.sudoestehoje.com.br\/novoportal\/wp-content\/uploads\/2018\/01\/VACINA-FEBRE-AMARELA-768x511.jpg 768w, https:\/\/www.sudoestehoje.com.br\/novoportal\/wp-content\/uploads\/2018\/01\/VACINA-FEBRE-AMARELA-700x466.jpg 700w, https:\/\/www.sudoestehoje.com.br\/novoportal\/wp-content\/uploads\/2018\/01\/VACINA-FEBRE-AMARELA.jpg 1000w\" sizes=\"auto, (max-width: 500px) 100vw, 500px\" \/><\/a><\/p>\n<p>A Organiza\u00e7\u00e3o Mundial da Sa\u00fade (<strong><a href=\"https:\/\/exame.abril.com.br\/noticias-sobre\/oms\">OMS<\/a><\/strong>) divulgou nesta ter\u00e7a-feira (16) informe em que classifica todo o estado de S\u00e3o Paulo como \u00e1rea de risco para a\u00a0<strong><a href=\"https:\/\/exame.abril.com.br\/noticias-sobre\/febre-amarela\/\">febre amarela<\/a><\/strong>.<\/p>\n<p>Segundo a entidade, a decis\u00e3o foi tomada a partir do crescimento do n\u00edvel de atividade do v\u00edrus da doen\u00e7a no territ\u00f3rio paulista desde o fim de 2017.<\/p>\n<p>Com isso, a OMS recomenda que toda pessoa que pretenda viajar para qualquer ponto do estado, partindo de dentro do Brasil ou de outros pa\u00edses, tome a vacina contra a febre amarela com dez dias de anteced\u00eancia.<\/p>\n<p>A entidade informa ainda que a avalia\u00e7\u00e3o \u00e9 um processo permanente e que pode vir a indicar novas \u00e1reas de risco no pa\u00eds.<\/p>\n<p>De acordo com a OMS, desde dezembro de 2016 foram registradas ocorr\u00eancias de febre amarela em macacos em 21 estados brasileiros e no Distrito Federal, com 788 casos em humanos, dos quais 265 resultaram na morte do doente.<\/p>\n","protected":false},"excerpt":{"rendered":"<p>A Organiza\u00e7\u00e3o Mundial da Sa\u00fade (OMS) divulgou nesta ter\u00e7a-feira (16) informe em que classifica todo o estado de S\u00e3o Paulo como \u00e1rea de risco para a\u00a0febre amarela. Segundo a entidade, a decis\u00e3o foi tomada a partir do crescimento do n\u00edvel de atividade do v\u00edrus da doen\u00e7a no territ\u00f3rio paulista desde o fim de 2017. Com [&hellip;]<\/p>\n","protected":false},"author":2,"featured_media":69975,"comment_status":"open","ping_status":"open","sticky":false,"template":"","format":"standard","meta":{"footnotes":"","_links_to":"","_links_to_target":""},"categories":[1],"tags":[],"class_list":["post-69973","post","type-post","status-publish","format-standard","has-post-thumbnail","hentry","category-geral"],"views":990,"_links":{"self":[{"href":"https:\/\/www.sudoestehoje.com.br\/novoportal\/wp-json\/wp\/v2\/posts\/69973","targetHints":{"allow":["GET"]}}],"collection":[{"href":"https:\/\/www.sudoestehoje.com.br\/novoportal\/wp-json\/wp\/v2\/posts"}],"about":[{"href":"https:\/\/www.sudoestehoje.com.br\/novoportal\/wp-json\/wp\/v2\/types\/post"}],"author":[{"embeddable":true,"href":"https:\/\/www.sudoestehoje.com.br\/novoportal\/wp-json\/wp\/v2\/users\/2"}],"replies":[{"embeddable":true,"href":"https:\/\/www.sudoestehoje.com.br\/novoportal\/wp-json\/wp\/v2\/comments?post=69973"}],"version-history":[{"count":2,"href":"https:\/\/www.sudoestehoje.com.br\/novoportal\/wp-json\/wp\/v2\/posts\/69973\/revisions"}],"predecessor-version":[{"id":69976,"href":"https:\/\/www.sudoestehoje.com.br\/novoportal\/wp-json\/wp\/v2\/posts\/69973\/revisions\/69976"}],"wp:featuredmedia":[{"embeddable":true,"href":"https:\/\/www.sudoestehoje.com.br\/novoportal\/wp-json\/wp\/v2\/media\/69975"}],"wp:attachment":[{"href":"https:\/\/www.sudoestehoje.com.br\/novoportal\/wp-json\/wp\/v2\/media?parent=69973"}],"wp:term":[{"taxonomy":"category","embeddable":true,"href":"https:\/\/www.sudoestehoje.com.br\/novoportal\/wp-json\/wp\/v2\/categories?post=69973"},{"taxonomy":"post_tag","embeddable":true,"href":"https:\/\/www.sudoestehoje.com.br\/novoportal\/wp-json\/wp\/v2\/tags?post=69973"}],"curies":[{"name":"wp","href":"https:\/\/api.w.org\/{rel}","templated":true}]}}