
{"id":69948,"date":"2018-01-16T01:15:31","date_gmt":"2018-01-16T04:15:31","guid":{"rendered":"http:\/\/www.sudoestehoje.com.br\/novoportal\/?p=69948"},"modified":"2018-01-16T01:15:31","modified_gmt":"2018-01-16T04:15:31","slug":"feira-pai-e-preso-apos-agredir-filho-de-6-anos-com-vassourada-na-cabeca","status":"publish","type":"post","link":"https:\/\/www.sudoestehoje.com.br\/novoportal\/2018\/01\/16\/feira-pai-e-preso-apos-agredir-filho-de-6-anos-com-vassourada-na-cabeca\/","title":{"rendered":"FEIRA: PAI \u00c9 PRESO AP\u00d3S AGREDIR FILHO DE 6 ANOS COM &#8220;VASSOURADA&#8221; NA CABE\u00c7A"},"content":{"rendered":"<hr \/>\n<p><a href=\"http:\/\/www.sudoestehoje.com.br\/novoportal\/wp-content\/uploads\/2018\/01\/CABO-VASSOURA.jpg\"><img loading=\"lazy\" decoding=\"async\" class=\"aligncenter size-medium wp-image-69949\" src=\"http:\/\/www.sudoestehoje.com.br\/novoportal\/wp-content\/uploads\/2018\/01\/CABO-VASSOURA-500x281.jpg\" alt=\"\" width=\"500\" height=\"281\" srcset=\"https:\/\/www.sudoestehoje.com.br\/novoportal\/wp-content\/uploads\/2018\/01\/CABO-VASSOURA-500x281.jpg 500w, https:\/\/www.sudoestehoje.com.br\/novoportal\/wp-content\/uploads\/2018\/01\/CABO-VASSOURA-768x432.jpg 768w, https:\/\/www.sudoestehoje.com.br\/novoportal\/wp-content\/uploads\/2018\/01\/CABO-VASSOURA-700x394.jpg 700w, https:\/\/www.sudoestehoje.com.br\/novoportal\/wp-content\/uploads\/2018\/01\/CABO-VASSOURA.jpg 1280w\" sizes=\"auto, (max-width: 500px) 100vw, 500px\" \/><\/a><\/p>\n<p>Um homem foi preso em flagrante na cidade de Feira de Santana, a 100 quil\u00f4metros de Salvador, ap\u00f3s agredir o filho de 6 anos com um cabo de vassoura. Segundo a pol\u00edcia, o menino foi golpeado na cabe\u00e7a e teve um corte que precisou ser suturado com 21 pontos.<\/p>\n<div class=\"mc-column content-text active-extra-styles \" data-block-type=\"unstyled\" data-block-weight=\"37\" data-block-id=\"3\">\n<p class=\"content-text__container \" data-track-category=\"Link no Texto\" data-track-links=\"\">O caso ocorreu na \u00faltima semana, dentro da casa onde a v\u00edtima mora com o agressor, identificado como Jailson Gomes, no Conjunto Feira X. O menino foi encaminhado para o Hospital Estadual da Crian\u00e7a, onde permanece internado.<\/p>\n<\/div>\n<div class=\"mc-column content-text active-extra-styles \" data-block-type=\"unstyled\" data-block-weight=\"21\" data-block-id=\"4\">\n<p class=\"content-text__container \" data-track-category=\"Link no Texto\" data-track-links=\"\">A crian\u00e7a teve afundamento na parte frontal da cabe\u00e7a e passou por uma cirurgia. O estado de sa\u00fade dele \u00e9 est\u00e1vel.\u00a0O Conselho Tutelar informou que vai pedir \u00e0 Justi\u00e7a que o pai seja afastado da crian\u00e7a.<\/p>\n<\/div>\n","protected":false},"excerpt":{"rendered":"<p>Um homem foi preso em flagrante na cidade de Feira de Santana, a 100 quil\u00f4metros de Salvador, ap\u00f3s agredir o filho de 6 anos com um cabo de vassoura. Segundo a pol\u00edcia, o menino foi golpeado na cabe\u00e7a e teve um corte que precisou ser suturado com 21 pontos. O caso ocorreu na \u00faltima semana, [&hellip;]<\/p>\n","protected":false},"author":2,"featured_media":69949,"comment_status":"open","ping_status":"open","sticky":false,"template":"","format":"standard","meta":{"footnotes":"","_links_to":"","_links_to_target":""},"categories":[1],"tags":[],"class_list":["post-69948","post","type-post","status-publish","format-standard","has-post-thumbnail","hentry","category-geral"],"views":1629,"_links":{"self":[{"href":"https:\/\/www.sudoestehoje.com.br\/novoportal\/wp-json\/wp\/v2\/posts\/69948","targetHints":{"allow":["GET"]}}],"collection":[{"href":"https:\/\/www.sudoestehoje.com.br\/novoportal\/wp-json\/wp\/v2\/posts"}],"about":[{"href":"https:\/\/www.sudoestehoje.com.br\/novoportal\/wp-json\/wp\/v2\/types\/post"}],"author":[{"embeddable":true,"href":"https:\/\/www.sudoestehoje.com.br\/novoportal\/wp-json\/wp\/v2\/users\/2"}],"replies":[{"embeddable":true,"href":"https:\/\/www.sudoestehoje.com.br\/novoportal\/wp-json\/wp\/v2\/comments?post=69948"}],"version-history":[{"count":1,"href":"https:\/\/www.sudoestehoje.com.br\/novoportal\/wp-json\/wp\/v2\/posts\/69948\/revisions"}],"predecessor-version":[{"id":69950,"href":"https:\/\/www.sudoestehoje.com.br\/novoportal\/wp-json\/wp\/v2\/posts\/69948\/revisions\/69950"}],"wp:featuredmedia":[{"embeddable":true,"href":"https:\/\/www.sudoestehoje.com.br\/novoportal\/wp-json\/wp\/v2\/media\/69949"}],"wp:attachment":[{"href":"https:\/\/www.sudoestehoje.com.br\/novoportal\/wp-json\/wp\/v2\/media?parent=69948"}],"wp:term":[{"taxonomy":"category","embeddable":true,"href":"https:\/\/www.sudoestehoje.com.br\/novoportal\/wp-json\/wp\/v2\/categories?post=69948"},{"taxonomy":"post_tag","embeddable":true,"href":"https:\/\/www.sudoestehoje.com.br\/novoportal\/wp-json\/wp\/v2\/tags?post=69948"}],"curies":[{"name":"wp","href":"https:\/\/api.w.org\/{rel}","templated":true}]}}