
{"id":69943,"date":"2018-01-15T10:40:37","date_gmt":"2018-01-15T13:40:37","guid":{"rendered":"http:\/\/www.sudoestehoje.com.br\/novoportal\/?p=69943"},"modified":"2018-01-15T20:06:05","modified_gmt":"2018-01-15T23:06:05","slug":"nota-de-falecimento-joao-teixeira-aguiar","status":"publish","type":"post","link":"https:\/\/www.sudoestehoje.com.br\/novoportal\/2018\/01\/15\/nota-de-falecimento-joao-teixeira-aguiar\/","title":{"rendered":"NOTA DE FALECIMENTO &#8211; JO\u00c3O TEIXEIRA AGUIAR"},"content":{"rendered":"<p><a href=\"http:\/\/www.sudoestehoje.com.br\/novoportal\/wp-content\/uploads\/2018\/01\/JT.jpg\"><img loading=\"lazy\" decoding=\"async\" class=\"aligncenter size-medium wp-image-69946\" src=\"http:\/\/www.sudoestehoje.com.br\/novoportal\/wp-content\/uploads\/2018\/01\/JT-500x493.jpg\" alt=\"\" width=\"500\" height=\"493\" srcset=\"https:\/\/www.sudoestehoje.com.br\/novoportal\/wp-content\/uploads\/2018\/01\/JT-500x493.jpg 500w, https:\/\/www.sudoestehoje.com.br\/novoportal\/wp-content\/uploads\/2018\/01\/JT-700x690.jpg 700w, https:\/\/www.sudoestehoje.com.br\/novoportal\/wp-content\/uploads\/2018\/01\/JT.jpg 720w\" sizes=\"auto, (max-width: 500px) 100vw, 500px\" \/><\/a><\/p>\n<p>Faleceu, neste domingo (14), na cidade de Feira de Santana, o contabilista Jo\u00e3o Teixeira de Aguiar, v\u00edtima de complica\u00e7\u00f5es card\u00edacas.<\/p>\n<p>Durante 30 anos, Jo\u00e3o Teixeira esteve \u00e0 frente do escrit\u00f3rio de contabilidade Etecol, onde prestou relevantes servi\u00e7os, tendo tamb\u00e9m se destacado na \u00e1rea pol\u00edtica, como presidente do Diret\u00f3rio Municipal do PMDB.<\/p>\n<p>Jo\u00e3o Teixeira era vi\u00favo da saudosa vereadora Hilda Gama, com quem teve uma filha. Atualmente ele residia em Feira de Santana, onde veio a falecer.<\/p>\n<p>O Sudoeste Hoje manifesta \u00e0 fam\u00edlia enlutada, as suas mais sinceras condol\u00eancias pala passagem do querido amigo.<\/p>\n<p><strong><em>Davi Ferraz\u00a0<\/em><\/strong><\/p>\n","protected":false},"excerpt":{"rendered":"<p>Faleceu, neste domingo (14), na cidade de Feira de Santana, o contabilista Jo\u00e3o Teixeira de Aguiar, v\u00edtima de complica\u00e7\u00f5es card\u00edacas. Durante 30 anos, Jo\u00e3o Teixeira esteve \u00e0 frente do escrit\u00f3rio de contabilidade Etecol, onde prestou relevantes servi\u00e7os, tendo tamb\u00e9m se destacado na \u00e1rea pol\u00edtica, como presidente do Diret\u00f3rio Municipal do PMDB. Jo\u00e3o Teixeira era vi\u00favo [&hellip;]<\/p>\n","protected":false},"author":2,"featured_media":69946,"comment_status":"open","ping_status":"open","sticky":false,"template":"","format":"standard","meta":{"footnotes":"","_links_to":"","_links_to_target":""},"categories":[1],"tags":[],"class_list":["post-69943","post","type-post","status-publish","format-standard","has-post-thumbnail","hentry","category-geral"],"views":1695,"_links":{"self":[{"href":"https:\/\/www.sudoestehoje.com.br\/novoportal\/wp-json\/wp\/v2\/posts\/69943","targetHints":{"allow":["GET"]}}],"collection":[{"href":"https:\/\/www.sudoestehoje.com.br\/novoportal\/wp-json\/wp\/v2\/posts"}],"about":[{"href":"https:\/\/www.sudoestehoje.com.br\/novoportal\/wp-json\/wp\/v2\/types\/post"}],"author":[{"embeddable":true,"href":"https:\/\/www.sudoestehoje.com.br\/novoportal\/wp-json\/wp\/v2\/users\/2"}],"replies":[{"embeddable":true,"href":"https:\/\/www.sudoestehoje.com.br\/novoportal\/wp-json\/wp\/v2\/comments?post=69943"}],"version-history":[{"count":3,"href":"https:\/\/www.sudoestehoje.com.br\/novoportal\/wp-json\/wp\/v2\/posts\/69943\/revisions"}],"predecessor-version":[{"id":69947,"href":"https:\/\/www.sudoestehoje.com.br\/novoportal\/wp-json\/wp\/v2\/posts\/69943\/revisions\/69947"}],"wp:featuredmedia":[{"embeddable":true,"href":"https:\/\/www.sudoestehoje.com.br\/novoportal\/wp-json\/wp\/v2\/media\/69946"}],"wp:attachment":[{"href":"https:\/\/www.sudoestehoje.com.br\/novoportal\/wp-json\/wp\/v2\/media?parent=69943"}],"wp:term":[{"taxonomy":"category","embeddable":true,"href":"https:\/\/www.sudoestehoje.com.br\/novoportal\/wp-json\/wp\/v2\/categories?post=69943"},{"taxonomy":"post_tag","embeddable":true,"href":"https:\/\/www.sudoestehoje.com.br\/novoportal\/wp-json\/wp\/v2\/tags?post=69943"}],"curies":[{"name":"wp","href":"https:\/\/api.w.org\/{rel}","templated":true}]}}