
{"id":69935,"date":"2018-01-14T21:12:43","date_gmt":"2018-01-15T00:12:43","guid":{"rendered":"http:\/\/www.sudoestehoje.com.br\/novoportal\/?p=69935"},"modified":"2018-01-14T21:12:43","modified_gmt":"2018-01-15T00:12:43","slug":"itabuna-acidente-entre-dois-carros-e-um-onibus-mata-motorista-e-deixa-14-feridos","status":"publish","type":"post","link":"https:\/\/www.sudoestehoje.com.br\/novoportal\/2018\/01\/14\/itabuna-acidente-entre-dois-carros-e-um-onibus-mata-motorista-e-deixa-14-feridos\/","title":{"rendered":"ITABUNA: ACIDENTE ENTRE DOIS CARROS E UM \u00d4NIBUS MATA MOTORISTA E DEIXA 14 FERIDOS"},"content":{"rendered":"<div class=\"mc-column content-text active-extra-styles active-capital-letter\" data-block-type=\"unstyled\" data-block-weight=\"56\" data-block-id=\"2\">\n<p class=\"content-text__container theme-color-primary-first-letter\" data-track-category=\"Link no Texto\" data-track-links=\"\"><a href=\"http:\/\/www.sudoestehoje.com.br\/novoportal\/wp-content\/uploads\/2018\/01\/acidente-Itabuna.jpg\"><img loading=\"lazy\" decoding=\"async\" class=\"aligncenter size-medium wp-image-69936\" src=\"http:\/\/www.sudoestehoje.com.br\/novoportal\/wp-content\/uploads\/2018\/01\/acidente-Itabuna-500x430.jpg\" alt=\"\" width=\"500\" height=\"430\" srcset=\"https:\/\/www.sudoestehoje.com.br\/novoportal\/wp-content\/uploads\/2018\/01\/acidente-Itabuna-500x430.jpg 500w, https:\/\/www.sudoestehoje.com.br\/novoportal\/wp-content\/uploads\/2018\/01\/acidente-Itabuna.jpg 640w\" sizes=\"auto, (max-width: 500px) 100vw, 500px\" \/><\/a><\/p>\n<p class=\"content-text__container theme-color-primary-first-letter\" data-track-category=\"Link no Texto\" data-track-links=\"\">Um acidente envolvendo um carro de passeio, um t\u00e1xi e um \u00f4nibus deixou um motorista morto e outras 14 pessoas feridas, neste domingo (14), no munic\u00edpio de Itabuna, localizado na regi\u00e3o sul da Bahia. A colis\u00e3o foi em um trecho da BR-101, na altura do km-501 da rodovia, segundo informa\u00e7\u00f5es divulgadas pela Pol\u00edcia Rodovi\u00e1ria Federal (PRF).<\/p>\n<\/div>\n<div class=\"mc-column content-text active-extra-styles \" data-block-type=\"unstyled\" data-block-weight=\"27\" data-block-id=\"3\">\n<p class=\"content-text__container \" data-track-category=\"Link no Texto\" data-track-links=\"\">Testemunhas contaram que o acidente ocorreu ap\u00f3s o motorista do carro de passeio, identificado como Etevaldo Gomes da Silva, de 59 anos, ter tentado fazer uma ultrapassagem.<\/p>\n<\/div>\n<div class=\"mc-column content-text active-extra-styles \" data-block-type=\"unstyled\" data-block-weight=\"40\" data-block-id=\"4\">\n<p class=\"content-text__container \" data-track-category=\"Link no Texto\" data-track-links=\"\">O carro que ele dirigia seguia no sentido Itabuna-Itaju\u00edpe. O ve\u00edculo entrou na contram\u00e3o e colidiu frontalmente com o \u00f4nibus, que vinha no sentido oposto. Em seguida, o ve\u00edculo de passeio rodou na pista e, depois, ainda bateu no t\u00e1xi.<\/p>\n<p class=\"content-text__container \" data-track-category=\"Link no Texto\" data-track-links=\"\"><a href=\"http:\/\/www.sudoestehoje.com.br\/novoportal\/wp-content\/uploads\/2018\/01\/onibus.jpg\"><img loading=\"lazy\" decoding=\"async\" class=\"aligncenter size-medium wp-image-69937\" src=\"http:\/\/www.sudoestehoje.com.br\/novoportal\/wp-content\/uploads\/2018\/01\/onibus-500x430.jpg\" alt=\"\" width=\"500\" height=\"430\" srcset=\"https:\/\/www.sudoestehoje.com.br\/novoportal\/wp-content\/uploads\/2018\/01\/onibus-500x430.jpg 500w, https:\/\/www.sudoestehoje.com.br\/novoportal\/wp-content\/uploads\/2018\/01\/onibus.jpg 640w\" sizes=\"auto, (max-width: 500px) 100vw, 500px\" \/><\/a><\/p>\n<div class=\"mc-column content-text active-extra-styles \" data-block-type=\"unstyled\" data-block-weight=\"36\" data-block-id=\"6\">\n<p class=\"content-text__container \" data-track-category=\"Link no Texto\" data-track-links=\"\">Com o impacto, a parte da frente do carro de passeio ficou completamente destru\u00edda. Etevaldo morreu na hora. O corpo ficou preso \u00e0s ferragens e foi retirado do local por uma equipe do Corpo de Bombeiros.<\/p>\n<\/div>\n<div class=\"mc-column content-text active-extra-styles \" data-block-type=\"unstyled\" data-block-weight=\"40\" data-block-id=\"7\">\n<p class=\"content-text__container \" data-track-category=\"Link no Texto\" data-track-links=\"\">O \u00f4nibus envolvido no acidente, que saiu de Feira de Santana, a 100 km de Salvador, com destino ao Rio de Janeiro, saiu da pista e foi parar no matagal \u00e0s margens da rodovia. J\u00e1 o t\u00e1xi caiu numa ribanceira.<\/p>\n<\/div>\n<div class=\"mc-column content-text active-extra-styles \" data-block-type=\"unstyled\" data-block-weight=\"35\" data-block-id=\"8\">\n<p class=\"content-text__container \" data-track-category=\"Link no Texto\" data-track-links=\"\">No coletivo viajavam 36 passageiros, sendo que 14 deles ficaram feridas e foram encaminhados para o Hospital de Base de Itabuna &#8212; duas com fraturas. N\u00e3o h\u00e1 informa\u00e7\u00f5es sobre o estado de sa\u00fade das v\u00edtimas. \/\/G1<\/p>\n<\/div>\n<\/div>\n","protected":false},"excerpt":{"rendered":"<p>Um acidente envolvendo um carro de passeio, um t\u00e1xi e um \u00f4nibus deixou um motorista morto e outras 14 pessoas feridas, neste domingo (14), no munic\u00edpio de Itabuna, localizado na regi\u00e3o sul da Bahia. A colis\u00e3o foi em um trecho da BR-101, na altura do km-501 da rodovia, segundo informa\u00e7\u00f5es divulgadas pela Pol\u00edcia Rodovi\u00e1ria Federal [&hellip;]<\/p>\n","protected":false},"author":2,"featured_media":69936,"comment_status":"open","ping_status":"open","sticky":false,"template":"","format":"standard","meta":{"footnotes":"","_links_to":"","_links_to_target":""},"categories":[1],"tags":[],"class_list":["post-69935","post","type-post","status-publish","format-standard","has-post-thumbnail","hentry","category-geral"],"views":4223,"_links":{"self":[{"href":"https:\/\/www.sudoestehoje.com.br\/novoportal\/wp-json\/wp\/v2\/posts\/69935","targetHints":{"allow":["GET"]}}],"collection":[{"href":"https:\/\/www.sudoestehoje.com.br\/novoportal\/wp-json\/wp\/v2\/posts"}],"about":[{"href":"https:\/\/www.sudoestehoje.com.br\/novoportal\/wp-json\/wp\/v2\/types\/post"}],"author":[{"embeddable":true,"href":"https:\/\/www.sudoestehoje.com.br\/novoportal\/wp-json\/wp\/v2\/users\/2"}],"replies":[{"embeddable":true,"href":"https:\/\/www.sudoestehoje.com.br\/novoportal\/wp-json\/wp\/v2\/comments?post=69935"}],"version-history":[{"count":1,"href":"https:\/\/www.sudoestehoje.com.br\/novoportal\/wp-json\/wp\/v2\/posts\/69935\/revisions"}],"predecessor-version":[{"id":69938,"href":"https:\/\/www.sudoestehoje.com.br\/novoportal\/wp-json\/wp\/v2\/posts\/69935\/revisions\/69938"}],"wp:featuredmedia":[{"embeddable":true,"href":"https:\/\/www.sudoestehoje.com.br\/novoportal\/wp-json\/wp\/v2\/media\/69936"}],"wp:attachment":[{"href":"https:\/\/www.sudoestehoje.com.br\/novoportal\/wp-json\/wp\/v2\/media?parent=69935"}],"wp:term":[{"taxonomy":"category","embeddable":true,"href":"https:\/\/www.sudoestehoje.com.br\/novoportal\/wp-json\/wp\/v2\/categories?post=69935"},{"taxonomy":"post_tag","embeddable":true,"href":"https:\/\/www.sudoestehoje.com.br\/novoportal\/wp-json\/wp\/v2\/tags?post=69935"}],"curies":[{"name":"wp","href":"https:\/\/api.w.org\/{rel}","templated":true}]}}