
{"id":69930,"date":"2018-01-14T17:40:20","date_gmt":"2018-01-14T20:40:20","guid":{"rendered":"http:\/\/www.sudoestehoje.com.br\/novoportal\/?p=69930"},"modified":"2018-01-14T17:40:20","modified_gmt":"2018-01-14T20:40:20","slug":"deputados-federais-baianos-gastaram-r-16-milhoes-com-viagens","status":"publish","type":"post","link":"https:\/\/www.sudoestehoje.com.br\/novoportal\/2018\/01\/14\/deputados-federais-baianos-gastaram-r-16-milhoes-com-viagens\/","title":{"rendered":"DEPUTADOS FEDERAIS BAIANOS GASTARAM R$ 16 MILH\u00d5ES COM VIAGENS"},"content":{"rendered":"<p><a href=\"http:\/\/www.sudoestehoje.com.br\/novoportal\/wp-content\/uploads\/2018\/01\/deputados-e-gastos.jpg\"><img loading=\"lazy\" decoding=\"async\" class=\"wp-image-69931 alignleft\" src=\"http:\/\/www.sudoestehoje.com.br\/novoportal\/wp-content\/uploads\/2018\/01\/deputados-e-gastos.jpg\" alt=\"\" width=\"254\" height=\"169\" \/><\/a><\/p>\n<p>Foram gastos cerca de R$ 16,2 milh\u00f5es em recursos p\u00fablicos repassados pela cota parlamentar pelos deputados federais baianos. Em levantamento publicado pela coluna Sat\u00e9lite, a verba \u00e9 destinada a cobrir custos com atividades do mandato, como passagens a\u00e9reas, loca\u00e7\u00e3o de carros e gasolina.<\/p>\n<p>OS QUE MAIS GASTARAM<\/p>\n<p>O ranking dos cinco campe\u00f5es de gastos, todos na faixa dos R$ 460 mil, foram Mario Negromonte Junior (PP), Benito Gama (PTB), Bebeto Galv\u00e3o (PSB), <strong>Jos\u00e9 Carlos Aleluia (DEM)<\/strong> e Afonso Florence (PT). Como os parlamentares t\u00eam at\u00e9 60 dias para prestar contas das despesas realizadas a cada m\u00eas, ainda n\u00e3o \u00e9 poss\u00edvel informar de modo preciso qual a posi\u00e7\u00e3o de todos os parlamentares na lista e o volume exato das verbas gastas com a cota em 2017.<\/p>\n<p>OS QUE MENOS GASTARAM<\/p>\n<p>J\u00e1 Jo\u00e3o Gualberto (PSDB) e Jos\u00e9 Rocha (PR) apresentaram as menores despesas \u2013 R$ 293,1 mil e R$ 293,6 mil, respectivamente. Abaixo v\u00eam Jutahy Junior (PSDB), com R$ 315 mil, seguido por <strong>L\u00facio Vieira Lima (MDB)<\/strong>, com R$ 319 mil, e F\u00e9lix Mendon\u00e7a Jr (PDT), com R$ 351 mil.<\/p>\n","protected":false},"excerpt":{"rendered":"<p>Foram gastos cerca de R$ 16,2 milh\u00f5es em recursos p\u00fablicos repassados pela cota parlamentar pelos deputados federais baianos. Em levantamento publicado pela coluna Sat\u00e9lite, a verba \u00e9 destinada a cobrir custos com atividades do mandato, como passagens a\u00e9reas, loca\u00e7\u00e3o de carros e gasolina. OS QUE MAIS GASTARAM O ranking dos cinco campe\u00f5es de gastos, todos [&hellip;]<\/p>\n","protected":false},"author":2,"featured_media":69931,"comment_status":"open","ping_status":"open","sticky":false,"template":"","format":"standard","meta":{"footnotes":"","_links_to":"","_links_to_target":""},"categories":[1],"tags":[],"class_list":["post-69930","post","type-post","status-publish","format-standard","has-post-thumbnail","hentry","category-geral"],"views":1118,"_links":{"self":[{"href":"https:\/\/www.sudoestehoje.com.br\/novoportal\/wp-json\/wp\/v2\/posts\/69930","targetHints":{"allow":["GET"]}}],"collection":[{"href":"https:\/\/www.sudoestehoje.com.br\/novoportal\/wp-json\/wp\/v2\/posts"}],"about":[{"href":"https:\/\/www.sudoestehoje.com.br\/novoportal\/wp-json\/wp\/v2\/types\/post"}],"author":[{"embeddable":true,"href":"https:\/\/www.sudoestehoje.com.br\/novoportal\/wp-json\/wp\/v2\/users\/2"}],"replies":[{"embeddable":true,"href":"https:\/\/www.sudoestehoje.com.br\/novoportal\/wp-json\/wp\/v2\/comments?post=69930"}],"version-history":[{"count":2,"href":"https:\/\/www.sudoestehoje.com.br\/novoportal\/wp-json\/wp\/v2\/posts\/69930\/revisions"}],"predecessor-version":[{"id":69934,"href":"https:\/\/www.sudoestehoje.com.br\/novoportal\/wp-json\/wp\/v2\/posts\/69930\/revisions\/69934"}],"wp:featuredmedia":[{"embeddable":true,"href":"https:\/\/www.sudoestehoje.com.br\/novoportal\/wp-json\/wp\/v2\/media\/69931"}],"wp:attachment":[{"href":"https:\/\/www.sudoestehoje.com.br\/novoportal\/wp-json\/wp\/v2\/media?parent=69930"}],"wp:term":[{"taxonomy":"category","embeddable":true,"href":"https:\/\/www.sudoestehoje.com.br\/novoportal\/wp-json\/wp\/v2\/categories?post=69930"},{"taxonomy":"post_tag","embeddable":true,"href":"https:\/\/www.sudoestehoje.com.br\/novoportal\/wp-json\/wp\/v2\/tags?post=69930"}],"curies":[{"name":"wp","href":"https:\/\/api.w.org\/{rel}","templated":true}]}}