
{"id":69888,"date":"2018-01-10T10:10:18","date_gmt":"2018-01-10T13:10:18","guid":{"rendered":"http:\/\/www.sudoestehoje.com.br\/novoportal\/?p=69888"},"modified":"2018-01-10T10:11:29","modified_gmt":"2018-01-10T13:11:29","slug":"itapetinga-demanda-reprimida-leva-a-formacao-de-filas-no-sac-cidadao","status":"publish","type":"post","link":"https:\/\/www.sudoestehoje.com.br\/novoportal\/2018\/01\/10\/itapetinga-demanda-reprimida-leva-a-formacao-de-filas-no-sac-cidadao\/","title":{"rendered":"ITAPETINGA: DEMANDA REPRIMIDA LEVA \u00c0 FORMA\u00c7\u00c3O DE FILAS NO SAC CIDAD\u00c3O"},"content":{"rendered":"<p><a href=\"http:\/\/www.sudoestehoje.com.br\/novoportal\/wp-content\/uploads\/2018\/01\/fila-SAC.jpg\"><img loading=\"lazy\" decoding=\"async\" class=\"aligncenter size-medium wp-image-69889\" src=\"http:\/\/www.sudoestehoje.com.br\/novoportal\/wp-content\/uploads\/2018\/01\/fila-SAC-500x375.jpg\" alt=\"\" width=\"500\" height=\"375\" srcset=\"https:\/\/www.sudoestehoje.com.br\/novoportal\/wp-content\/uploads\/2018\/01\/fila-SAC-500x375.jpg 500w, https:\/\/www.sudoestehoje.com.br\/novoportal\/wp-content\/uploads\/2018\/01\/fila-SAC-768x576.jpg 768w, https:\/\/www.sudoestehoje.com.br\/novoportal\/wp-content\/uploads\/2018\/01\/fila-SAC-700x525.jpg 700w, https:\/\/www.sudoestehoje.com.br\/novoportal\/wp-content\/uploads\/2018\/01\/fila-SAC.jpg 960w\" sizes=\"auto, (max-width: 500px) 100vw, 500px\" \/><\/a><\/p>\n<p>Durante d\u00e9cadas, o cidad\u00e3o itapetinguense teve s\u00e9rias dificuldades para a retirada de documentos, principalmente a Carteira de Identidade, pelo fato de n\u00e3o haver no munic\u00edpio um \u00f3rg\u00e3o emissor eficiente deste e outros documentos.<\/p>\n<p>Com a vinda do SAC-CIDAD\u00c3O, atrav\u00e9s de conv\u00eanio firmado entre a prefeitura e o governo do estado, o n\u00famero de pessoas que procuram o \u00f3rg\u00e3o \u00e9 enorme, causando filas di\u00e1rias no local, como ocorreu na manh\u00e3 desta quarta, flagrada pela reportagem do blog.<\/p>\n<p>\u00c9 evidente que a fila acontece em virtude de uma demanda reprimida, j\u00e1 que nem todas as pessoas tinham condi\u00e7\u00f5es de se deslocarem para retirar documentos no SAC de Vit\u00f3ria da Conquista. Assim, a fila \u00e9 muito bem vinda, desde que os \u00f3rg\u00e3os instalados no SAC de Itapetinga prestem um bom servi\u00e7o ao cidad\u00e3o.<\/p>\n<p>Al\u00e9m do mais, \u00f3rg\u00e3o do governo sem fila n\u00e3o tem gra\u00e7a&#8230;<\/p>\n<p><strong><em>Por Davi Ferraz<\/em><\/strong><\/p>\n","protected":false},"excerpt":{"rendered":"<p>Durante d\u00e9cadas, o cidad\u00e3o itapetinguense teve s\u00e9rias dificuldades para a retirada de documentos, principalmente a Carteira de Identidade, pelo fato de n\u00e3o haver no munic\u00edpio um \u00f3rg\u00e3o emissor eficiente deste e outros documentos. Com a vinda do SAC-CIDAD\u00c3O, atrav\u00e9s de conv\u00eanio firmado entre a prefeitura e o governo do estado, o n\u00famero de pessoas que [&hellip;]<\/p>\n","protected":false},"author":2,"featured_media":69889,"comment_status":"open","ping_status":"open","sticky":false,"template":"","format":"standard","meta":{"footnotes":"","_links_to":"","_links_to_target":""},"categories":[1],"tags":[],"class_list":["post-69888","post","type-post","status-publish","format-standard","has-post-thumbnail","hentry","category-geral"],"views":2692,"_links":{"self":[{"href":"https:\/\/www.sudoestehoje.com.br\/novoportal\/wp-json\/wp\/v2\/posts\/69888","targetHints":{"allow":["GET"]}}],"collection":[{"href":"https:\/\/www.sudoestehoje.com.br\/novoportal\/wp-json\/wp\/v2\/posts"}],"about":[{"href":"https:\/\/www.sudoestehoje.com.br\/novoportal\/wp-json\/wp\/v2\/types\/post"}],"author":[{"embeddable":true,"href":"https:\/\/www.sudoestehoje.com.br\/novoportal\/wp-json\/wp\/v2\/users\/2"}],"replies":[{"embeddable":true,"href":"https:\/\/www.sudoestehoje.com.br\/novoportal\/wp-json\/wp\/v2\/comments?post=69888"}],"version-history":[{"count":3,"href":"https:\/\/www.sudoestehoje.com.br\/novoportal\/wp-json\/wp\/v2\/posts\/69888\/revisions"}],"predecessor-version":[{"id":69892,"href":"https:\/\/www.sudoestehoje.com.br\/novoportal\/wp-json\/wp\/v2\/posts\/69888\/revisions\/69892"}],"wp:featuredmedia":[{"embeddable":true,"href":"https:\/\/www.sudoestehoje.com.br\/novoportal\/wp-json\/wp\/v2\/media\/69889"}],"wp:attachment":[{"href":"https:\/\/www.sudoestehoje.com.br\/novoportal\/wp-json\/wp\/v2\/media?parent=69888"}],"wp:term":[{"taxonomy":"category","embeddable":true,"href":"https:\/\/www.sudoestehoje.com.br\/novoportal\/wp-json\/wp\/v2\/categories?post=69888"},{"taxonomy":"post_tag","embeddable":true,"href":"https:\/\/www.sudoestehoje.com.br\/novoportal\/wp-json\/wp\/v2\/tags?post=69888"}],"curies":[{"name":"wp","href":"https:\/\/api.w.org\/{rel}","templated":true}]}}