
{"id":69880,"date":"2018-01-09T20:16:17","date_gmt":"2018-01-09T23:16:17","guid":{"rendered":"http:\/\/www.sudoestehoje.com.br\/novoportal\/?p=69880"},"modified":"2018-01-09T20:16:17","modified_gmt":"2018-01-09T23:16:17","slug":"ex-apresentadora-do-fantastico-compara-bolsonaro-a-hitler","status":"publish","type":"post","link":"https:\/\/www.sudoestehoje.com.br\/novoportal\/2018\/01\/09\/ex-apresentadora-do-fantastico-compara-bolsonaro-a-hitler\/","title":{"rendered":"EX-APRESENTADORA DO FANT\u00c1STICO COMPARA BOLSONARO A HITLER"},"content":{"rendered":"<p><a href=\"http:\/\/www.sudoestehoje.com.br\/novoportal\/wp-content\/uploads\/2018\/01\/VALERIA.jpg\"><img loading=\"lazy\" decoding=\"async\" class=\"aligncenter size-medium wp-image-69881\" src=\"http:\/\/www.sudoestehoje.com.br\/novoportal\/wp-content\/uploads\/2018\/01\/VALERIA-500x259.jpg\" alt=\"\" width=\"500\" height=\"259\" srcset=\"https:\/\/www.sudoestehoje.com.br\/novoportal\/wp-content\/uploads\/2018\/01\/VALERIA-500x259.jpg 500w, https:\/\/www.sudoestehoje.com.br\/novoportal\/wp-content\/uploads\/2018\/01\/VALERIA.jpg 768w, https:\/\/www.sudoestehoje.com.br\/novoportal\/wp-content\/uploads\/2018\/01\/VALERIA-700x363.jpg 700w\" sizes=\"auto, (max-width: 500px) 100vw, 500px\" \/><\/a><\/p>\n<p>A jornalista e ex-apresentadora do Fant\u00e1stico Val\u00e9ria Monteiro, pr\u00e9-candidata \u00e0 Presid\u00eancia da Rep\u00fablica em 2018, publicou um v\u00eddeo em que chama o deputado federal\u00a0Jair Bolsonaro, que tamb\u00e9m mira o mais alto cargo do pa\u00eds, de mentiroso e o compara com o ditador alem\u00e3o Adolf Hitler.<\/p>\n<p>\u201cHoje vim aqui falar com voc\u00ea, Bolsonaro. Voc\u00ea \u00e9 um mentiroso. O seu discurso de \u00f3dio faz as pessoas brigarem. Voc\u00ea n\u00e3o respeita as diferen\u00e7as e vou lutar at\u00e9 o fim contra isso que \u00e9 o pior do ser humano\u201d, diz a jornalista.<\/p>\n<p><em>\u201cHitler come\u00e7ou assim. Pegou uma Alemanha pobre, descrente, que precisava de autoestima e convenceu as pessoas atrav\u00e9s do medo a acreditar em suas mentiras assim como voc\u00ea faz. Levou o mundo \u00e0 maior guerra da hist\u00f3ria\u201d<\/em>, completa.<\/p>\n<p>O v\u00eddeo foi postado no canal do YouTube e conta com quase 6 mil visualiza\u00e7\u00f5es. Na publica\u00e7\u00e3o, a pr\u00e9-candidata tamb\u00e9m desafia o deputado para um debate. <em>\u201cMarque local e hora, vamos debater, Bolsonaro. Porque seus 15 minutos de fama acabaram\u201d<\/em>, encerra Val\u00e9ria.<\/p>\n","protected":false},"excerpt":{"rendered":"<p>A jornalista e ex-apresentadora do Fant\u00e1stico Val\u00e9ria Monteiro, pr\u00e9-candidata \u00e0 Presid\u00eancia da Rep\u00fablica em 2018, publicou um v\u00eddeo em que chama o deputado federal\u00a0Jair Bolsonaro, que tamb\u00e9m mira o mais alto cargo do pa\u00eds, de mentiroso e o compara com o ditador alem\u00e3o Adolf Hitler. \u201cHoje vim aqui falar com voc\u00ea, Bolsonaro. Voc\u00ea \u00e9 um [&hellip;]<\/p>\n","protected":false},"author":2,"featured_media":69881,"comment_status":"open","ping_status":"open","sticky":false,"template":"","format":"standard","meta":{"footnotes":"","_links_to":"","_links_to_target":""},"categories":[1],"tags":[],"class_list":["post-69880","post","type-post","status-publish","format-standard","has-post-thumbnail","hentry","category-geral"],"views":1925,"_links":{"self":[{"href":"https:\/\/www.sudoestehoje.com.br\/novoportal\/wp-json\/wp\/v2\/posts\/69880","targetHints":{"allow":["GET"]}}],"collection":[{"href":"https:\/\/www.sudoestehoje.com.br\/novoportal\/wp-json\/wp\/v2\/posts"}],"about":[{"href":"https:\/\/www.sudoestehoje.com.br\/novoportal\/wp-json\/wp\/v2\/types\/post"}],"author":[{"embeddable":true,"href":"https:\/\/www.sudoestehoje.com.br\/novoportal\/wp-json\/wp\/v2\/users\/2"}],"replies":[{"embeddable":true,"href":"https:\/\/www.sudoestehoje.com.br\/novoportal\/wp-json\/wp\/v2\/comments?post=69880"}],"version-history":[{"count":1,"href":"https:\/\/www.sudoestehoje.com.br\/novoportal\/wp-json\/wp\/v2\/posts\/69880\/revisions"}],"predecessor-version":[{"id":69882,"href":"https:\/\/www.sudoestehoje.com.br\/novoportal\/wp-json\/wp\/v2\/posts\/69880\/revisions\/69882"}],"wp:featuredmedia":[{"embeddable":true,"href":"https:\/\/www.sudoestehoje.com.br\/novoportal\/wp-json\/wp\/v2\/media\/69881"}],"wp:attachment":[{"href":"https:\/\/www.sudoestehoje.com.br\/novoportal\/wp-json\/wp\/v2\/media?parent=69880"}],"wp:term":[{"taxonomy":"category","embeddable":true,"href":"https:\/\/www.sudoestehoje.com.br\/novoportal\/wp-json\/wp\/v2\/categories?post=69880"},{"taxonomy":"post_tag","embeddable":true,"href":"https:\/\/www.sudoestehoje.com.br\/novoportal\/wp-json\/wp\/v2\/tags?post=69880"}],"curies":[{"name":"wp","href":"https:\/\/api.w.org\/{rel}","templated":true}]}}