
{"id":69877,"date":"2018-01-08T19:42:35","date_gmt":"2018-01-08T22:42:35","guid":{"rendered":"http:\/\/www.sudoestehoje.com.br\/novoportal\/?p=69877"},"modified":"2018-01-08T19:42:35","modified_gmt":"2018-01-08T22:42:35","slug":"justica-federal-suspende-posse-da-nova-ministra-do-trabalho-nomeada-por-temer","status":"publish","type":"post","link":"https:\/\/www.sudoestehoje.com.br\/novoportal\/2018\/01\/08\/justica-federal-suspende-posse-da-nova-ministra-do-trabalho-nomeada-por-temer\/","title":{"rendered":"JUSTI\u00c7A FEDERAL SUSPENDE POSSE DA NOVA MINISTRA DO TRABALHO NOMEADA POR TEMER"},"content":{"rendered":"<p><a href=\"http:\/\/www.sudoestehoje.com.br\/novoportal\/wp-content\/uploads\/2018\/01\/CRIS-BR.jpg\"><img loading=\"lazy\" decoding=\"async\" class=\"aligncenter size-medium wp-image-69878\" src=\"http:\/\/www.sudoestehoje.com.br\/novoportal\/wp-content\/uploads\/2018\/01\/CRIS-BR-500x244.jpg\" alt=\"\" width=\"500\" height=\"244\" srcset=\"https:\/\/www.sudoestehoje.com.br\/novoportal\/wp-content\/uploads\/2018\/01\/CRIS-BR-500x244.jpg 500w, https:\/\/www.sudoestehoje.com.br\/novoportal\/wp-content\/uploads\/2018\/01\/CRIS-BR.jpg 615w\" sizes=\"auto, (max-width: 500px) 100vw, 500px\" \/><\/a><\/p>\n<p>A Justi\u00e7a Federal do Rio suspendeu nesta segunda-feira (8) a posse da deputada federal Cristiane Brasil (PTB-RJ) como ministra do Trabalho. A decis\u00e3o, em car\u00e1ter cautelar liminar, \u00e9 do juiz Leonardo da Costa Couceiro, da 4\u00aa Vara Federal Criminal de Niter\u00f3i, segundo o G1.<\/p>\n<p>A a\u00e7\u00e3o popular foi movida ap\u00f3s a den\u00fancia de que Cristiane Brasil foi condenada a pagar R$ 60 mil por d\u00edvidas trabalhistas com dois ex-motoristas. O juiz fixou ainda multa de R$ 500 mil em caso de descumprimento da liminar.<\/p>\n<p>Em seu despacho, o magistrado destaca que decidiu conceder a liminar sem ouvir os demais envolvidos \u201cencontra-se justificado diante da gravidade dos fatos sob an\u00e1lise\u201d e que a nomea\u00e7\u00e3o de Cristiane Brasil fere o princ\u00edpio da moralidade administrativa.<\/p>\n<p>\u201cEm exame ainda que perfunct\u00f3rio, este magistrado vislumbra fragrante desrespeito \u00e0 Constitui\u00e7\u00e3o Federal no que se refere \u00e0 moralidade administrativa, (\u2026) quando se pretende nomear para um cargo de tamanha magnitude, Ministro do Trabalho, pessoa que j\u00e1 teria sido condenada em reclama\u00e7\u00f5es trabalhistas, condena\u00e7\u00f5es estas com tr\u00e2nsito em julgado\u201d, escreveu Couceiro.<\/p>\n","protected":false},"excerpt":{"rendered":"<p>A Justi\u00e7a Federal do Rio suspendeu nesta segunda-feira (8) a posse da deputada federal Cristiane Brasil (PTB-RJ) como ministra do Trabalho. A decis\u00e3o, em car\u00e1ter cautelar liminar, \u00e9 do juiz Leonardo da Costa Couceiro, da 4\u00aa Vara Federal Criminal de Niter\u00f3i, segundo o G1. A a\u00e7\u00e3o popular foi movida ap\u00f3s a den\u00fancia de que Cristiane [&hellip;]<\/p>\n","protected":false},"author":2,"featured_media":69878,"comment_status":"open","ping_status":"open","sticky":false,"template":"","format":"standard","meta":{"footnotes":"","_links_to":"","_links_to_target":""},"categories":[1],"tags":[],"class_list":["post-69877","post","type-post","status-publish","format-standard","has-post-thumbnail","hentry","category-geral"],"views":944,"_links":{"self":[{"href":"https:\/\/www.sudoestehoje.com.br\/novoportal\/wp-json\/wp\/v2\/posts\/69877","targetHints":{"allow":["GET"]}}],"collection":[{"href":"https:\/\/www.sudoestehoje.com.br\/novoportal\/wp-json\/wp\/v2\/posts"}],"about":[{"href":"https:\/\/www.sudoestehoje.com.br\/novoportal\/wp-json\/wp\/v2\/types\/post"}],"author":[{"embeddable":true,"href":"https:\/\/www.sudoestehoje.com.br\/novoportal\/wp-json\/wp\/v2\/users\/2"}],"replies":[{"embeddable":true,"href":"https:\/\/www.sudoestehoje.com.br\/novoportal\/wp-json\/wp\/v2\/comments?post=69877"}],"version-history":[{"count":1,"href":"https:\/\/www.sudoestehoje.com.br\/novoportal\/wp-json\/wp\/v2\/posts\/69877\/revisions"}],"predecessor-version":[{"id":69879,"href":"https:\/\/www.sudoestehoje.com.br\/novoportal\/wp-json\/wp\/v2\/posts\/69877\/revisions\/69879"}],"wp:featuredmedia":[{"embeddable":true,"href":"https:\/\/www.sudoestehoje.com.br\/novoportal\/wp-json\/wp\/v2\/media\/69878"}],"wp:attachment":[{"href":"https:\/\/www.sudoestehoje.com.br\/novoportal\/wp-json\/wp\/v2\/media?parent=69877"}],"wp:term":[{"taxonomy":"category","embeddable":true,"href":"https:\/\/www.sudoestehoje.com.br\/novoportal\/wp-json\/wp\/v2\/categories?post=69877"},{"taxonomy":"post_tag","embeddable":true,"href":"https:\/\/www.sudoestehoje.com.br\/novoportal\/wp-json\/wp\/v2\/tags?post=69877"}],"curies":[{"name":"wp","href":"https:\/\/api.w.org\/{rel}","templated":true}]}}