
{"id":69870,"date":"2018-01-07T09:58:43","date_gmt":"2018-01-07T12:58:43","guid":{"rendered":"http:\/\/www.sudoestehoje.com.br\/novoportal\/?p=69870"},"modified":"2018-01-07T09:58:43","modified_gmt":"2018-01-07T12:58:43","slug":"itapetinga-comeca-a-reforma-do-estadio-primavera-apos-anos-de-total-abandono","status":"publish","type":"post","link":"https:\/\/www.sudoestehoje.com.br\/novoportal\/2018\/01\/07\/itapetinga-comeca-a-reforma-do-estadio-primavera-apos-anos-de-total-abandono\/","title":{"rendered":"ITAPETINGA: COME\u00c7A A REFORMA DO EST\u00c1DIO PRIMAVERA, AP\u00d3S ANOS DE TOTAL ABANDONO"},"content":{"rendered":"<p><a href=\"http:\/\/www.sudoestehoje.com.br\/novoportal\/wp-content\/uploads\/2018\/01\/estadio.jpg\"><img loading=\"lazy\" decoding=\"async\" class=\"aligncenter size-medium wp-image-69871\" src=\"http:\/\/www.sudoestehoje.com.br\/novoportal\/wp-content\/uploads\/2018\/01\/estadio-500x333.jpg\" alt=\"\" width=\"500\" height=\"333\" srcset=\"https:\/\/www.sudoestehoje.com.br\/novoportal\/wp-content\/uploads\/2018\/01\/estadio-500x333.jpg 500w, https:\/\/www.sudoestehoje.com.br\/novoportal\/wp-content\/uploads\/2018\/01\/estadio-768x511.jpg 768w, https:\/\/www.sudoestehoje.com.br\/novoportal\/wp-content\/uploads\/2018\/01\/estadio-700x466.jpg 700w, https:\/\/www.sudoestehoje.com.br\/novoportal\/wp-content\/uploads\/2018\/01\/estadio.jpg 960w\" sizes=\"auto, (max-width: 500px) 100vw, 500px\" \/><\/a><\/p>\n<p>Visando a realiza\u00e7\u00e3o do Campeonato Municipal de Futebol de 1\u00aa Divis\u00e3o, o prefeito Rodrigo Hagge determinou a reforma total do Est\u00e1dio Municipal Ant\u00f4nio Carlos Magalh\u00e3es, o &#8216;Primaver\u00e3o&#8217;.<\/p>\n<p><a href=\"http:\/\/www.sudoestehoje.com.br\/novoportal\/wp-content\/uploads\/2018\/01\/estadio-1.jpg\"><img loading=\"lazy\" decoding=\"async\" class=\"aligncenter size-medium wp-image-69872\" src=\"http:\/\/www.sudoestehoje.com.br\/novoportal\/wp-content\/uploads\/2018\/01\/estadio-1-500x333.jpg\" alt=\"\" width=\"500\" height=\"333\" srcset=\"https:\/\/www.sudoestehoje.com.br\/novoportal\/wp-content\/uploads\/2018\/01\/estadio-1-500x333.jpg 500w, https:\/\/www.sudoestehoje.com.br\/novoportal\/wp-content\/uploads\/2018\/01\/estadio-1-768x511.jpg 768w, https:\/\/www.sudoestehoje.com.br\/novoportal\/wp-content\/uploads\/2018\/01\/estadio-1-700x466.jpg 700w, https:\/\/www.sudoestehoje.com.br\/novoportal\/wp-content\/uploads\/2018\/01\/estadio-1.jpg 960w\" sizes=\"auto, (max-width: 500px) 100vw, 500px\" \/><\/a><\/p>\n<p>Sob o comando do competente secret\u00e1rio de Infraestrutura, o engenheiro Airton Ferraz, as obras foram iniciadas nesta sexta-feira (5), com a retirada do mato, jardinagem e limpeza do fosso que separa o campo das arquibancadas.<\/p>\n<p><a href=\"http:\/\/www.sudoestehoje.com.br\/novoportal\/wp-content\/uploads\/2018\/01\/estadio-2.jpg\"><img loading=\"lazy\" decoding=\"async\" class=\"aligncenter size-medium wp-image-69873\" src=\"http:\/\/www.sudoestehoje.com.br\/novoportal\/wp-content\/uploads\/2018\/01\/estadio-2-500x333.jpg\" alt=\"\" width=\"500\" height=\"333\" srcset=\"https:\/\/www.sudoestehoje.com.br\/novoportal\/wp-content\/uploads\/2018\/01\/estadio-2-500x333.jpg 500w, https:\/\/www.sudoestehoje.com.br\/novoportal\/wp-content\/uploads\/2018\/01\/estadio-2-768x511.jpg 768w, https:\/\/www.sudoestehoje.com.br\/novoportal\/wp-content\/uploads\/2018\/01\/estadio-2-700x466.jpg 700w, https:\/\/www.sudoestehoje.com.br\/novoportal\/wp-content\/uploads\/2018\/01\/estadio-2.jpg 960w\" sizes=\"auto, (max-width: 500px) 100vw, 500px\" \/><\/a><\/p>\n<p>&#8220;Em seguida, o est\u00e1dio ser\u00e1 totalmente reformado, incluindo vesti\u00e1rios de jogadores e \u00e1rbitros, al\u00e9m de uma pintura geral&#8221;, destacou Eliene Portela, a nova secret\u00e1ria de Esportes do Munic\u00edpio. Confira fotos:<\/p>\n","protected":false},"excerpt":{"rendered":"<p>Visando a realiza\u00e7\u00e3o do Campeonato Municipal de Futebol de 1\u00aa Divis\u00e3o, o prefeito Rodrigo Hagge determinou a reforma total do Est\u00e1dio Municipal Ant\u00f4nio Carlos Magalh\u00e3es, o &#8216;Primaver\u00e3o&#8217;. Sob o comando do competente secret\u00e1rio de Infraestrutura, o engenheiro Airton Ferraz, as obras foram iniciadas nesta sexta-feira (5), com a retirada do mato, jardinagem e limpeza do [&hellip;]<\/p>\n","protected":false},"author":2,"featured_media":69871,"comment_status":"open","ping_status":"open","sticky":false,"template":"","format":"standard","meta":{"footnotes":"","_links_to":"","_links_to_target":""},"categories":[1],"tags":[],"class_list":["post-69870","post","type-post","status-publish","format-standard","has-post-thumbnail","hentry","category-geral"],"views":2338,"_links":{"self":[{"href":"https:\/\/www.sudoestehoje.com.br\/novoportal\/wp-json\/wp\/v2\/posts\/69870","targetHints":{"allow":["GET"]}}],"collection":[{"href":"https:\/\/www.sudoestehoje.com.br\/novoportal\/wp-json\/wp\/v2\/posts"}],"about":[{"href":"https:\/\/www.sudoestehoje.com.br\/novoportal\/wp-json\/wp\/v2\/types\/post"}],"author":[{"embeddable":true,"href":"https:\/\/www.sudoestehoje.com.br\/novoportal\/wp-json\/wp\/v2\/users\/2"}],"replies":[{"embeddable":true,"href":"https:\/\/www.sudoestehoje.com.br\/novoportal\/wp-json\/wp\/v2\/comments?post=69870"}],"version-history":[{"count":3,"href":"https:\/\/www.sudoestehoje.com.br\/novoportal\/wp-json\/wp\/v2\/posts\/69870\/revisions"}],"predecessor-version":[{"id":69876,"href":"https:\/\/www.sudoestehoje.com.br\/novoportal\/wp-json\/wp\/v2\/posts\/69870\/revisions\/69876"}],"wp:featuredmedia":[{"embeddable":true,"href":"https:\/\/www.sudoestehoje.com.br\/novoportal\/wp-json\/wp\/v2\/media\/69871"}],"wp:attachment":[{"href":"https:\/\/www.sudoestehoje.com.br\/novoportal\/wp-json\/wp\/v2\/media?parent=69870"}],"wp:term":[{"taxonomy":"category","embeddable":true,"href":"https:\/\/www.sudoestehoje.com.br\/novoportal\/wp-json\/wp\/v2\/categories?post=69870"},{"taxonomy":"post_tag","embeddable":true,"href":"https:\/\/www.sudoestehoje.com.br\/novoportal\/wp-json\/wp\/v2\/tags?post=69870"}],"curies":[{"name":"wp","href":"https:\/\/api.w.org\/{rel}","templated":true}]}}