
{"id":69867,"date":"2018-01-07T09:31:06","date_gmt":"2018-01-07T12:31:06","guid":{"rendered":"http:\/\/www.sudoestehoje.com.br\/novoportal\/?p=69867"},"modified":"2018-01-07T09:31:06","modified_gmt":"2018-01-07T12:31:06","slug":"marcelo-nilo-deixa-o-psl-apos-chegada-de-bolsonaro-e-vai-para-o-psb","status":"publish","type":"post","link":"https:\/\/www.sudoestehoje.com.br\/novoportal\/2018\/01\/07\/marcelo-nilo-deixa-o-psl-apos-chegada-de-bolsonaro-e-vai-para-o-psb\/","title":{"rendered":"MARCELO NILO DEIXA O PSL AP\u00d3S CHEGADA DE BOLSONARO E VAI PARA O PSB"},"content":{"rendered":"<p><a href=\"http:\/\/www.sudoestehoje.com.br\/novoportal\/wp-content\/uploads\/2018\/01\/marcelo-nilo-foto-izis-moacyr-bahiaba1.jpg\"><img loading=\"lazy\" decoding=\"async\" class=\"aligncenter size-medium wp-image-69868\" src=\"http:\/\/www.sudoestehoje.com.br\/novoportal\/wp-content\/uploads\/2018\/01\/marcelo-nilo-foto-izis-moacyr-bahiaba1-500x350.jpg\" alt=\"\" width=\"500\" height=\"350\" srcset=\"https:\/\/www.sudoestehoje.com.br\/novoportal\/wp-content\/uploads\/2018\/01\/marcelo-nilo-foto-izis-moacyr-bahiaba1-500x350.jpg 500w, https:\/\/www.sudoestehoje.com.br\/novoportal\/wp-content\/uploads\/2018\/01\/marcelo-nilo-foto-izis-moacyr-bahiaba1.jpg 600w\" sizes=\"auto, (max-width: 500px) 100vw, 500px\" \/><\/a><\/p>\n<p>J\u00e1\u00a0acertado com o PSB, o deputado estadual Marcelo Nilo aproveitou para ficar \u201cbem na fita\u201d com a larga parcela do eleitorado que rejeita o deputado federal e presidenci\u00e1vel Jair Bolsonaro.<\/p>\n<p>Pouco depois de anunciado o ingresso de Bolsonaro no PSL, Nilo enviou a seus contatos a seguinte mensagem: \u201cComunico a minha sa\u00edda do Partido (PSL) com a entrada de\u00a0 Bolsonaro. Abs\u201d.<\/p>\n<p>Horas antes, no entanto, Nilo j\u00e1 havia deixado certa a sua ida para o PSB, inclusive com o an\u00fancio daqueles que pretendia levar consigo para a legenda socialista, entre eles o seu genro Marcelo Veiga, diretor da Embasa, e o secret\u00e1rio de Administra\u00e7\u00e3o Penitenci\u00e1ria, Nestor Duarte.<\/p>\n","protected":false},"excerpt":{"rendered":"<p>J\u00e1\u00a0acertado com o PSB, o deputado estadual Marcelo Nilo aproveitou para ficar \u201cbem na fita\u201d com a larga parcela do eleitorado que rejeita o deputado federal e presidenci\u00e1vel Jair Bolsonaro. Pouco depois de anunciado o ingresso de Bolsonaro no PSL, Nilo enviou a seus contatos a seguinte mensagem: \u201cComunico a minha sa\u00edda do Partido (PSL) [&hellip;]<\/p>\n","protected":false},"author":2,"featured_media":69868,"comment_status":"open","ping_status":"open","sticky":false,"template":"","format":"standard","meta":{"footnotes":"","_links_to":"","_links_to_target":""},"categories":[1],"tags":[],"class_list":["post-69867","post","type-post","status-publish","format-standard","has-post-thumbnail","hentry","category-geral"],"views":1163,"_links":{"self":[{"href":"https:\/\/www.sudoestehoje.com.br\/novoportal\/wp-json\/wp\/v2\/posts\/69867","targetHints":{"allow":["GET"]}}],"collection":[{"href":"https:\/\/www.sudoestehoje.com.br\/novoportal\/wp-json\/wp\/v2\/posts"}],"about":[{"href":"https:\/\/www.sudoestehoje.com.br\/novoportal\/wp-json\/wp\/v2\/types\/post"}],"author":[{"embeddable":true,"href":"https:\/\/www.sudoestehoje.com.br\/novoportal\/wp-json\/wp\/v2\/users\/2"}],"replies":[{"embeddable":true,"href":"https:\/\/www.sudoestehoje.com.br\/novoportal\/wp-json\/wp\/v2\/comments?post=69867"}],"version-history":[{"count":1,"href":"https:\/\/www.sudoestehoje.com.br\/novoportal\/wp-json\/wp\/v2\/posts\/69867\/revisions"}],"predecessor-version":[{"id":69869,"href":"https:\/\/www.sudoestehoje.com.br\/novoportal\/wp-json\/wp\/v2\/posts\/69867\/revisions\/69869"}],"wp:featuredmedia":[{"embeddable":true,"href":"https:\/\/www.sudoestehoje.com.br\/novoportal\/wp-json\/wp\/v2\/media\/69868"}],"wp:attachment":[{"href":"https:\/\/www.sudoestehoje.com.br\/novoportal\/wp-json\/wp\/v2\/media?parent=69867"}],"wp:term":[{"taxonomy":"category","embeddable":true,"href":"https:\/\/www.sudoestehoje.com.br\/novoportal\/wp-json\/wp\/v2\/categories?post=69867"},{"taxonomy":"post_tag","embeddable":true,"href":"https:\/\/www.sudoestehoje.com.br\/novoportal\/wp-json\/wp\/v2\/tags?post=69867"}],"curies":[{"name":"wp","href":"https:\/\/api.w.org\/{rel}","templated":true}]}}