
{"id":69849,"date":"2018-01-03T04:22:28","date_gmt":"2018-01-03T07:22:28","guid":{"rendered":"http:\/\/www.sudoestehoje.com.br\/novoportal\/?p=69849"},"modified":"2018-01-03T04:25:31","modified_gmt":"2018-01-03T07:25:31","slug":"homem-resgata-crianca-em-acidente-com-4-mortos-ouvi-o-choro","status":"publish","type":"post","link":"https:\/\/www.sudoestehoje.com.br\/novoportal\/2018\/01\/03\/homem-resgata-crianca-em-acidente-com-4-mortos-ouvi-o-choro\/","title":{"rendered":"FEIRA: HOMEM RESGATA CRIAN\u00c7A DE 1 ANO EM ACIDENTE COM 4 MORTOS; &#8220;OUVI O CHORO&#8230;&#8221;"},"content":{"rendered":"<div class=\"mc-column content-text active-extra-styles active-capital-letter\" data-block-type=\"unstyled\" data-block-weight=\"64\" data-block-id=\"2\">\n<p class=\"content-text__container theme-color-primary-first-letter\" data-track-category=\"Link no Texto\" data-track-links=\"\"><a href=\"http:\/\/www.sudoestehoje.com.br\/novoportal\/wp-content\/uploads\/2018\/01\/acidente-3.jpg\"><img loading=\"lazy\" decoding=\"async\" class=\"aligncenter size-medium wp-image-69851\" src=\"http:\/\/www.sudoestehoje.com.br\/novoportal\/wp-content\/uploads\/2018\/01\/acidente-3-500x313.jpg\" alt=\"\" width=\"500\" height=\"313\" srcset=\"https:\/\/www.sudoestehoje.com.br\/novoportal\/wp-content\/uploads\/2018\/01\/acidente-3-500x313.jpg 500w, https:\/\/www.sudoestehoje.com.br\/novoportal\/wp-content\/uploads\/2018\/01\/acidente-3.jpg 640w\" sizes=\"auto, (max-width: 500px) 100vw, 500px\" \/><\/a><\/p>\n<p class=\"content-text__container theme-color-primary-first-letter\" data-track-category=\"Link no Texto\" data-track-links=\"\">&#8220;Ouvi o choro e vi a m\u00e3ozinha dela pra cima no meio das sacolas&#8221;. O depoimento \u00e9 do auxiliar de caminh\u00e3o Ot\u00e1vio Silva, que resgatou com vida um beb\u00ea de um ano dentro de um carro que ficou destru\u00eddo no\u00a0acidente que deixou 4 pessoas mortas, nesta ter\u00e7a-feira (2), na BR-116, trecho da cidade de Santa B\u00e1rbara, a cerca de 150 km de Salvador.<\/p>\n<\/div>\n<div class=\"mc-column content-text active-extra-styles \" data-block-type=\"unstyled\" data-block-weight=\"31\" data-block-id=\"3\">\n<p class=\"content-text__container \" data-track-category=\"Link no Texto\" data-track-links=\"\">Segundo informa\u00e7\u00f5es da Pol\u00edcia Rodovi\u00e1ria Federal (PRF), o carro em que o beb\u00ea estava colidiu frontalmente com outro ve\u00edculo, no km-382 da rodovia. No acidente, morreram tr\u00eas mulheres e um homem.<\/p>\n<\/div>\n<div class=\"mc-column content-text active-extra-styles \" data-block-type=\"unstyled\" data-block-weight=\"36\" data-block-id=\"4\">\n<p class=\"content-text__container \" data-track-category=\"Link no Texto\" data-track-links=\"\">&#8220;Quando eu vi a m\u00e3o dela [da crian\u00e7a], eu pedi a Deus para que quando eu puxasse essa crian\u00e7a, que ela tivesse toda normal. E quando eu puxei, ela estava intacta, sem ferimentos nenhum&#8221;, destacou Ot\u00e1vio.<\/p>\n<\/div>\n<div class=\"mc-column content-text active-extra-styles \" data-block-type=\"unstyled\" data-block-weight=\"35\" data-block-id=\"5\">\n<p class=\"content-text__container \" data-track-category=\"Link no Texto\" data-track-links=\"\">A PRF informou que a crian\u00e7a, do sexo masculino, saiu ilesa e seria encaminhada para o Hospital Estadual da Crian\u00e7a, em Feira de Santana, a 100 km da capital baiana, para realiza\u00e7\u00e3o de exames m\u00e9dicos.<\/p>\n<p><span style=\"color: #0000ff;\"><strong><a style=\"color: #0000ff;\" href=\"https:\/\/g1.globo.com\/ba\/bahia\/noticia\/ouvi-o-choro-e-vi-a-maozinha-pra-cima-diz-homem-que-resgatou-bebe-ileso-de-carro-destruido-em-acidente-com-4-mortos.ghtml\">CONFIRA MAT\u00c9RIA COMPLETA COM V\u00cdDEO<\/a><\/strong><\/span><\/p>\n<\/div>\n","protected":false},"excerpt":{"rendered":"<p>&#8220;Ouvi o choro e vi a m\u00e3ozinha dela pra cima no meio das sacolas&#8221;. O depoimento \u00e9 do auxiliar de caminh\u00e3o Ot\u00e1vio Silva, que resgatou com vida um beb\u00ea de um ano dentro de um carro que ficou destru\u00eddo no\u00a0acidente que deixou 4 pessoas mortas, nesta ter\u00e7a-feira (2), na BR-116, trecho da cidade de Santa [&hellip;]<\/p>\n","protected":false},"author":2,"featured_media":69851,"comment_status":"open","ping_status":"open","sticky":false,"template":"","format":"standard","meta":{"footnotes":"","_links_to":"","_links_to_target":""},"categories":[1],"tags":[],"class_list":["post-69849","post","type-post","status-publish","format-standard","has-post-thumbnail","hentry","category-geral"],"views":1191,"_links":{"self":[{"href":"https:\/\/www.sudoestehoje.com.br\/novoportal\/wp-json\/wp\/v2\/posts\/69849","targetHints":{"allow":["GET"]}}],"collection":[{"href":"https:\/\/www.sudoestehoje.com.br\/novoportal\/wp-json\/wp\/v2\/posts"}],"about":[{"href":"https:\/\/www.sudoestehoje.com.br\/novoportal\/wp-json\/wp\/v2\/types\/post"}],"author":[{"embeddable":true,"href":"https:\/\/www.sudoestehoje.com.br\/novoportal\/wp-json\/wp\/v2\/users\/2"}],"replies":[{"embeddable":true,"href":"https:\/\/www.sudoestehoje.com.br\/novoportal\/wp-json\/wp\/v2\/comments?post=69849"}],"version-history":[{"count":4,"href":"https:\/\/www.sudoestehoje.com.br\/novoportal\/wp-json\/wp\/v2\/posts\/69849\/revisions"}],"predecessor-version":[{"id":69854,"href":"https:\/\/www.sudoestehoje.com.br\/novoportal\/wp-json\/wp\/v2\/posts\/69849\/revisions\/69854"}],"wp:featuredmedia":[{"embeddable":true,"href":"https:\/\/www.sudoestehoje.com.br\/novoportal\/wp-json\/wp\/v2\/media\/69851"}],"wp:attachment":[{"href":"https:\/\/www.sudoestehoje.com.br\/novoportal\/wp-json\/wp\/v2\/media?parent=69849"}],"wp:term":[{"taxonomy":"category","embeddable":true,"href":"https:\/\/www.sudoestehoje.com.br\/novoportal\/wp-json\/wp\/v2\/categories?post=69849"},{"taxonomy":"post_tag","embeddable":true,"href":"https:\/\/www.sudoestehoje.com.br\/novoportal\/wp-json\/wp\/v2\/tags?post=69849"}],"curies":[{"name":"wp","href":"https:\/\/api.w.org\/{rel}","templated":true}]}}