
{"id":695,"date":"2010-09-29T09:35:50","date_gmt":"2010-09-29T12:35:50","guid":{"rendered":"http:\/\/sudoestehoje.tempsite.ws\/novoportal\/?p=695"},"modified":"2010-09-29T09:35:50","modified_gmt":"2010-09-29T12:35:50","slug":"professores-do-alfredo-dutra-sao-a-favor-do-preve","status":"publish","type":"post","link":"https:\/\/www.sudoestehoje.com.br\/novoportal\/2010\/09\/29\/professores-do-alfredo-dutra-sao-a-favor-do-preve\/","title":{"rendered":"Professores do Alfredo Dutra s\u00e3o a favor do PREVE"},"content":{"rendered":"<p style=\"text-align: center;\">MANIFESTO DE APOIO AO PREVE<\/p>\n<p>Os professores do Col\u00e9gio Estadual Alfredo Dutra &#8211; CEAD, turno matutino, louvam a atitude dos pedagogos Tiago Bottino, Joabe Ara\u00fajo e Claudio N\u00edzara, pelo excelente trabalho que est\u00e3o desenvolvendo no Col\u00e9gio, com a orienta\u00e7\u00e3o psico-pedag\u00f3gica junto a todos os discentes, que s\u00e3o, na sua totalidade, menores de idade. Sendo assim, estamos parabenizando a equipe do PREVE (programa de Preven\u00e7\u00e3o \u00e0 Viol\u00eancia), pois nesta III unidade escolar foi observado o interesse e o rendimento, tudo devido ao grau de disciplina que foi desenvolvida no interior da Escola.<\/p>\n<p>Hoje, os\u00a0discentes que eram considerados mais os rebeldes e desinteressados, passaram por uma &#8216;metamorfose&#8217;, que estampa no comportamento dos mesmos. N\u00e3o h\u00e1 mais rebeldias, desrespeitos, gritarias, badernas de alunos em corredores, atrapalhando as aulas alheias \u00e0s suas.<\/p>\n<p>Agradecemos ao p\u00fablico, via m\u00eddia, aos pedagogos envolvidos no PREVE e a contrubui\u00e7\u00e3o\u00a0da Direc &#8211; 14 e da dire\u00e7\u00e3o da Escola, que d\u00e3o total apoio ao Projeto.<\/p>\n<p style=\"text-align: center;\">Professores do CEAD\u00a0&#8211; \u00a0Turno Matutino<\/p>\n","protected":false},"excerpt":{"rendered":"<p>MANIFESTO DE APOIO AO PREVE Os professores do Col\u00e9gio Estadual Alfredo Dutra &#8211; CEAD, turno matutino, louvam a atitude dos pedagogos Tiago Bottino, Joabe Ara\u00fajo e Claudio N\u00edzara, pelo excelente trabalho que est\u00e3o desenvolvendo no Col\u00e9gio, com a orienta\u00e7\u00e3o psico-pedag\u00f3gica junto a todos os discentes, que s\u00e3o, na sua totalidade, menores de idade. Sendo assim, [&hellip;]<\/p>\n","protected":false},"author":2,"featured_media":0,"comment_status":"open","ping_status":"open","sticky":false,"template":"","format":"standard","meta":{"footnotes":"","_links_to":"","_links_to_target":""},"categories":[1],"tags":[],"class_list":["post-695","post","type-post","status-publish","format-standard","hentry","category-geral"],"views":1755,"_links":{"self":[{"href":"https:\/\/www.sudoestehoje.com.br\/novoportal\/wp-json\/wp\/v2\/posts\/695","targetHints":{"allow":["GET"]}}],"collection":[{"href":"https:\/\/www.sudoestehoje.com.br\/novoportal\/wp-json\/wp\/v2\/posts"}],"about":[{"href":"https:\/\/www.sudoestehoje.com.br\/novoportal\/wp-json\/wp\/v2\/types\/post"}],"author":[{"embeddable":true,"href":"https:\/\/www.sudoestehoje.com.br\/novoportal\/wp-json\/wp\/v2\/users\/2"}],"replies":[{"embeddable":true,"href":"https:\/\/www.sudoestehoje.com.br\/novoportal\/wp-json\/wp\/v2\/comments?post=695"}],"version-history":[{"count":2,"href":"https:\/\/www.sudoestehoje.com.br\/novoportal\/wp-json\/wp\/v2\/posts\/695\/revisions"}],"predecessor-version":[{"id":697,"href":"https:\/\/www.sudoestehoje.com.br\/novoportal\/wp-json\/wp\/v2\/posts\/695\/revisions\/697"}],"wp:attachment":[{"href":"https:\/\/www.sudoestehoje.com.br\/novoportal\/wp-json\/wp\/v2\/media?parent=695"}],"wp:term":[{"taxonomy":"category","embeddable":true,"href":"https:\/\/www.sudoestehoje.com.br\/novoportal\/wp-json\/wp\/v2\/categories?post=695"},{"taxonomy":"post_tag","embeddable":true,"href":"https:\/\/www.sudoestehoje.com.br\/novoportal\/wp-json\/wp\/v2\/tags?post=695"}],"curies":[{"name":"wp","href":"https:\/\/api.w.org\/{rel}","templated":true}]}}