
{"id":693,"date":"2010-09-28T23:37:36","date_gmt":"2010-09-29T02:37:36","guid":{"rendered":"http:\/\/sudoestehoje.tempsite.ws\/novoportal\/?p=693"},"modified":"2010-09-28T23:37:36","modified_gmt":"2010-09-29T02:37:36","slug":"tse-deve-barrar-fichas-sujas-baianos-liberados-pelo-tre","status":"publish","type":"post","link":"https:\/\/www.sudoestehoje.com.br\/novoportal\/2010\/09\/28\/tse-deve-barrar-fichas-sujas-baianos-liberados-pelo-tre\/","title":{"rendered":"TSE DEVE BARRAR &#8216;FICHAS SUJAS&#8217; BAIANOS LIBERADOS PELO TRE"},"content":{"rendered":"<p style=\"text-align: center;\"><img decoding=\"async\" class=\"aligncenter\" src=\"http:\/\/2.bp.blogspot.com\/_lmAGGv8mo1s\/TBGpGA6WpXI\/AAAAAAAAOcU\/2-dZBqOjbhY\/s1600\/ficha_suja3.jpg\" alt=\"\" \/><\/p>\n<p>O Tribunal Superior Eleitoral (TSE) deve barrar os nove fichas sujas baianos que foram liberados pelo Tribunal Regional Eleitoral (TRE-BA) para concorrer nas elei\u00e7\u00f5es deste ano enquanto n\u00e3o h\u00e1 decis\u00e3o definitiva do Supremo Tribunal Federal (STF) sobre a validade da Lei da Ficha Limpa para este ano. Foi o que confirmou ontem o presidente do TSE, Ricardo Lewandowski, em visita ao TRE da Bahia. Questionado se a tend\u00eancia do TSE seria reformar as decis\u00f5es da corte baiana, ele confirmou: \u201c\u00c9 verdade. Ajurisprud\u00eancia do TSE hoje, amplamente majorit\u00e1ria, \u00e9 no sentido que a lei vale para estas elei\u00e7\u00f5es, e esse entendimento est\u00e1 prevalecendo at\u00e9 o momento em que o STF modific\u00e1-lo\u201d, afirmou. Dentre os &#8220;fichas sujas&#8221; que aguardam julgamento no TSE, alguns s\u00e3o da Regi\u00e3o Sudoeste. Politica Livre<\/p>\n","protected":false},"excerpt":{"rendered":"<p>O Tribunal Superior Eleitoral (TSE) deve barrar os nove fichas sujas baianos que foram liberados pelo Tribunal Regional Eleitoral (TRE-BA) para concorrer nas elei\u00e7\u00f5es deste ano enquanto n\u00e3o h\u00e1 decis\u00e3o definitiva do Supremo Tribunal Federal (STF) sobre a validade da Lei da Ficha Limpa para este ano. Foi o que confirmou ontem o presidente do [&hellip;]<\/p>\n","protected":false},"author":2,"featured_media":0,"comment_status":"open","ping_status":"open","sticky":false,"template":"","format":"standard","meta":{"footnotes":"","_links_to":"","_links_to_target":""},"categories":[1],"tags":[],"class_list":["post-693","post","type-post","status-publish","format-standard","hentry","category-geral"],"views":1399,"_links":{"self":[{"href":"https:\/\/www.sudoestehoje.com.br\/novoportal\/wp-json\/wp\/v2\/posts\/693","targetHints":{"allow":["GET"]}}],"collection":[{"href":"https:\/\/www.sudoestehoje.com.br\/novoportal\/wp-json\/wp\/v2\/posts"}],"about":[{"href":"https:\/\/www.sudoestehoje.com.br\/novoportal\/wp-json\/wp\/v2\/types\/post"}],"author":[{"embeddable":true,"href":"https:\/\/www.sudoestehoje.com.br\/novoportal\/wp-json\/wp\/v2\/users\/2"}],"replies":[{"embeddable":true,"href":"https:\/\/www.sudoestehoje.com.br\/novoportal\/wp-json\/wp\/v2\/comments?post=693"}],"version-history":[{"count":1,"href":"https:\/\/www.sudoestehoje.com.br\/novoportal\/wp-json\/wp\/v2\/posts\/693\/revisions"}],"predecessor-version":[{"id":694,"href":"https:\/\/www.sudoestehoje.com.br\/novoportal\/wp-json\/wp\/v2\/posts\/693\/revisions\/694"}],"wp:attachment":[{"href":"https:\/\/www.sudoestehoje.com.br\/novoportal\/wp-json\/wp\/v2\/media?parent=693"}],"wp:term":[{"taxonomy":"category","embeddable":true,"href":"https:\/\/www.sudoestehoje.com.br\/novoportal\/wp-json\/wp\/v2\/categories?post=693"},{"taxonomy":"post_tag","embeddable":true,"href":"https:\/\/www.sudoestehoje.com.br\/novoportal\/wp-json\/wp\/v2\/tags?post=693"}],"curies":[{"name":"wp","href":"https:\/\/api.w.org\/{rel}","templated":true}]}}