
{"id":6920,"date":"2011-07-22T22:01:19","date_gmt":"2011-07-23T01:01:19","guid":{"rendered":"http:\/\/www.sudoestehoje.com.br\/novoportal\/?p=6920"},"modified":"2011-07-22T22:01:19","modified_gmt":"2011-07-23T01:01:19","slug":"pt-baiano-veta-alianca-com-pmdb-psdb-e-dem-para-eleicoes-de-2012","status":"publish","type":"post","link":"https:\/\/www.sudoestehoje.com.br\/novoportal\/2011\/07\/22\/pt-baiano-veta-alianca-com-pmdb-psdb-e-dem-para-eleicoes-de-2012\/","title":{"rendered":"PT BAIANO VETA ALIAN\u00c7A COM PMDB, PSDB e DEM PARA ELEI\u00c7\u00d5ES DE 2012"},"content":{"rendered":"<p style=\"text-align: center;\"><img decoding=\"async\" class=\"aligncenter\" src=\"http:\/\/2.bp.blogspot.com\/_tNMY0HcPRMA\/TK983bFFxCI\/AAAAAAAAAF8\/a24v8F9bxUU\/s1600\/blogue-pt-pt-x-psdb.jpg\" alt=\"\" \/><\/p>\n<p>\u00a0<\/p>\n<p>Numa prova de que o rompimento com o PMDB do ex-ministro Geddel Vieira Lima virou mesmo uma inimizade, o PT decidiu, em sua \u00faltima reuni\u00e3o do diret\u00f3rio estadual, esta semana, suspender alian\u00e7as autom\u00e1ticas com os peemedebistas nas pr\u00f3ximas elei\u00e7\u00f5es municipais. No encontro, os petistas decidiram que o PT s\u00f3 poder\u00e1 fazer composi\u00e7\u00e3o com o PMDB\u00a0e o PPS com vistas a 2012 com autoriza\u00e7\u00e3o pr\u00e9via da executiva estadual.<\/p>\n<p>Por outro lado, a orienta\u00e7\u00e3o \u00e9 que o partido busque alian\u00e7as com os partidos que est\u00e3o na base de apoio ao governo Jaques Wagner (PT) e evite\u00a0de qualquer jeito\u00a0alian\u00e7as com DEM e PSDB, considerados pelos petistas locais \u201cadvers\u00e1rios ferrenhos\u201d no plano nacional. A restri\u00e7\u00e3o com rela\u00e7\u00e3o ao PMDB, que\u00a0permanece como aliado nacional dos petistas,\u00a0traz problemas para o PT, principalmente nos munic\u00edpios.<\/p>\n<p><strong><em>Pol\u00edtica Livre<\/em><\/strong><\/p>\n","protected":false},"excerpt":{"rendered":"<p>\u00a0 Numa prova de que o rompimento com o PMDB do ex-ministro Geddel Vieira Lima virou mesmo uma inimizade, o PT decidiu, em sua \u00faltima reuni\u00e3o do diret\u00f3rio estadual, esta semana, suspender alian\u00e7as autom\u00e1ticas com os peemedebistas nas pr\u00f3ximas elei\u00e7\u00f5es municipais. No encontro, os petistas decidiram que o PT s\u00f3 poder\u00e1 fazer composi\u00e7\u00e3o com o [&hellip;]<\/p>\n","protected":false},"author":2,"featured_media":0,"comment_status":"open","ping_status":"open","sticky":false,"template":"","format":"standard","meta":{"footnotes":"","_links_to":"","_links_to_target":""},"categories":[1],"tags":[],"class_list":["post-6920","post","type-post","status-publish","format-standard","hentry","category-geral"],"views":1153,"_links":{"self":[{"href":"https:\/\/www.sudoestehoje.com.br\/novoportal\/wp-json\/wp\/v2\/posts\/6920","targetHints":{"allow":["GET"]}}],"collection":[{"href":"https:\/\/www.sudoestehoje.com.br\/novoportal\/wp-json\/wp\/v2\/posts"}],"about":[{"href":"https:\/\/www.sudoestehoje.com.br\/novoportal\/wp-json\/wp\/v2\/types\/post"}],"author":[{"embeddable":true,"href":"https:\/\/www.sudoestehoje.com.br\/novoportal\/wp-json\/wp\/v2\/users\/2"}],"replies":[{"embeddable":true,"href":"https:\/\/www.sudoestehoje.com.br\/novoportal\/wp-json\/wp\/v2\/comments?post=6920"}],"version-history":[{"count":3,"href":"https:\/\/www.sudoestehoje.com.br\/novoportal\/wp-json\/wp\/v2\/posts\/6920\/revisions"}],"predecessor-version":[{"id":6923,"href":"https:\/\/www.sudoestehoje.com.br\/novoportal\/wp-json\/wp\/v2\/posts\/6920\/revisions\/6923"}],"wp:attachment":[{"href":"https:\/\/www.sudoestehoje.com.br\/novoportal\/wp-json\/wp\/v2\/media?parent=6920"}],"wp:term":[{"taxonomy":"category","embeddable":true,"href":"https:\/\/www.sudoestehoje.com.br\/novoportal\/wp-json\/wp\/v2\/categories?post=6920"},{"taxonomy":"post_tag","embeddable":true,"href":"https:\/\/www.sudoestehoje.com.br\/novoportal\/wp-json\/wp\/v2\/tags?post=6920"}],"curies":[{"name":"wp","href":"https:\/\/api.w.org\/{rel}","templated":true}]}}