
{"id":69180,"date":"2017-11-27T20:28:32","date_gmt":"2017-11-27T23:28:32","guid":{"rendered":"http:\/\/www.sudoestehoje.com.br\/novoportal\/?p=69180"},"modified":"2017-11-27T20:52:30","modified_gmt":"2017-11-27T23:52:30","slug":"itapetinga-iniciadas-obras-de-recuperacao-do-parque-zoobotanico-da-matinha","status":"publish","type":"post","link":"https:\/\/www.sudoestehoje.com.br\/novoportal\/2017\/11\/27\/itapetinga-iniciadas-obras-de-recuperacao-do-parque-zoobotanico-da-matinha\/","title":{"rendered":"ITAPETINGA: INICIADAS OBRAS DE RECUPERA\u00c7\u00c3O DO PARQUE ZOOBOT\u00c2NICO DA MATINHA"},"content":{"rendered":"<p><a href=\"http:\/\/www.sudoestehoje.com.br\/novoportal\/wp-content\/uploads\/2017\/11\/obras-da-matinha.jpg\"><img loading=\"lazy\" decoding=\"async\" class=\"aligncenter size-medium wp-image-69181\" src=\"http:\/\/www.sudoestehoje.com.br\/novoportal\/wp-content\/uploads\/2017\/11\/obras-da-matinha-500x405.jpg\" alt=\"\" width=\"500\" height=\"405\" srcset=\"https:\/\/www.sudoestehoje.com.br\/novoportal\/wp-content\/uploads\/2017\/11\/obras-da-matinha-500x405.jpg 500w, https:\/\/www.sudoestehoje.com.br\/novoportal\/wp-content\/uploads\/2017\/11\/obras-da-matinha-768x622.jpg 768w, https:\/\/www.sudoestehoje.com.br\/novoportal\/wp-content\/uploads\/2017\/11\/obras-da-matinha-700x567.jpg 700w, https:\/\/www.sudoestehoje.com.br\/novoportal\/wp-content\/uploads\/2017\/11\/obras-da-matinha.jpg 946w\" sizes=\"auto, (max-width: 500px) 100vw, 500px\" \/><\/a><\/p>\n<p>Depois de quatro anos de total abandono imposto pela temer\u00e1ria gest\u00e3o do ex-prefeito Z\u00e9 Carlos (PT), as obras de reestrutura\u00e7\u00e3o e adequa\u00e7\u00e3o do Parque Zoomatinha, em Itapetinga, foram finalmente iniciadas nesta segunda-feira (27), atrav\u00e9s de conv\u00eanio firmado entre o munic\u00edpio e o Minist\u00e9rio do Turismo.<\/p>\n<p>O prazo para entrega da obra, segundo a placa afixada na obra, \u00e9 de 7 meses, previsto para encerrar em junho de 2018, quando dever\u00e1 ser reaberto ao p\u00fablico.<\/p>\n<p><a href=\"http:\/\/www.sudoestehoje.com.br\/novoportal\/wp-content\/uploads\/2017\/11\/obras-matinha-1.jpg\"><img loading=\"lazy\" decoding=\"async\" class=\"aligncenter size-medium wp-image-69182\" src=\"http:\/\/www.sudoestehoje.com.br\/novoportal\/wp-content\/uploads\/2017\/11\/obras-matinha-1-500x413.jpg\" alt=\"\" width=\"500\" height=\"413\" srcset=\"https:\/\/www.sudoestehoje.com.br\/novoportal\/wp-content\/uploads\/2017\/11\/obras-matinha-1-500x413.jpg 500w, https:\/\/www.sudoestehoje.com.br\/novoportal\/wp-content\/uploads\/2017\/11\/obras-matinha-1-768x634.jpg 768w, https:\/\/www.sudoestehoje.com.br\/novoportal\/wp-content\/uploads\/2017\/11\/obras-matinha-1-700x578.jpg 700w, https:\/\/www.sudoestehoje.com.br\/novoportal\/wp-content\/uploads\/2017\/11\/obras-matinha-1.jpg 948w\" sizes=\"auto, (max-width: 500px) 100vw, 500px\" \/><\/a><\/p>\n<p>O valor inicial da verba liberada pelo Governo Federal \u00e9 de R$ 245.996,86, fruto de uma emenda parlamentar do deputado Ant\u00f4nio Brito, que j\u00e1 estava perdida por descaso e incompet\u00eancia da gest\u00e3o do ex-prefeito Z\u00e9 Carlos, mas que foi recuperada pelo atual gestor Rodrigo Hagge, atrav\u00e9s do esfor\u00e7o do Secret\u00e1rio Municipal da Infraestrutura, Airton Ferraz, que conseguiu a aprova\u00e7\u00e3o de um novo projeto junto \u00e0 Caixa Econ\u00f4mica Federal.<\/p>\n<p>Al\u00e9m dos recursos liberados pelo Minist\u00e9rio do Turismo, outros aportes financeiros dever\u00e3o refor\u00e7ar o or\u00e7amento das obras e recupera\u00e7\u00e3o e requalifica\u00e7\u00e3o do \u00fanico zool\u00f3gico do interior da Bahia, uma das maiores aspira\u00e7\u00f5es da popula\u00e7\u00e3o de toda a regi\u00e3o.<\/p>\n<p><strong><em>Por Davi Ferraz<\/em><\/strong><\/p>\n","protected":false},"excerpt":{"rendered":"<p>Depois de quatro anos de total abandono imposto pela temer\u00e1ria gest\u00e3o do ex-prefeito Z\u00e9 Carlos (PT), as obras de reestrutura\u00e7\u00e3o e adequa\u00e7\u00e3o do Parque Zoomatinha, em Itapetinga, foram finalmente iniciadas nesta segunda-feira (27), atrav\u00e9s de conv\u00eanio firmado entre o munic\u00edpio e o Minist\u00e9rio do Turismo. O prazo para entrega da obra, segundo a placa afixada [&hellip;]<\/p>\n","protected":false},"author":2,"featured_media":69181,"comment_status":"open","ping_status":"open","sticky":false,"template":"","format":"standard","meta":{"footnotes":"","_links_to":"","_links_to_target":""},"categories":[1],"tags":[],"class_list":["post-69180","post","type-post","status-publish","format-standard","has-post-thumbnail","hentry","category-geral"],"views":2803,"_links":{"self":[{"href":"https:\/\/www.sudoestehoje.com.br\/novoportal\/wp-json\/wp\/v2\/posts\/69180","targetHints":{"allow":["GET"]}}],"collection":[{"href":"https:\/\/www.sudoestehoje.com.br\/novoportal\/wp-json\/wp\/v2\/posts"}],"about":[{"href":"https:\/\/www.sudoestehoje.com.br\/novoportal\/wp-json\/wp\/v2\/types\/post"}],"author":[{"embeddable":true,"href":"https:\/\/www.sudoestehoje.com.br\/novoportal\/wp-json\/wp\/v2\/users\/2"}],"replies":[{"embeddable":true,"href":"https:\/\/www.sudoestehoje.com.br\/novoportal\/wp-json\/wp\/v2\/comments?post=69180"}],"version-history":[{"count":6,"href":"https:\/\/www.sudoestehoje.com.br\/novoportal\/wp-json\/wp\/v2\/posts\/69180\/revisions"}],"predecessor-version":[{"id":69188,"href":"https:\/\/www.sudoestehoje.com.br\/novoportal\/wp-json\/wp\/v2\/posts\/69180\/revisions\/69188"}],"wp:featuredmedia":[{"embeddable":true,"href":"https:\/\/www.sudoestehoje.com.br\/novoportal\/wp-json\/wp\/v2\/media\/69181"}],"wp:attachment":[{"href":"https:\/\/www.sudoestehoje.com.br\/novoportal\/wp-json\/wp\/v2\/media?parent=69180"}],"wp:term":[{"taxonomy":"category","embeddable":true,"href":"https:\/\/www.sudoestehoje.com.br\/novoportal\/wp-json\/wp\/v2\/categories?post=69180"},{"taxonomy":"post_tag","embeddable":true,"href":"https:\/\/www.sudoestehoje.com.br\/novoportal\/wp-json\/wp\/v2\/tags?post=69180"}],"curies":[{"name":"wp","href":"https:\/\/api.w.org\/{rel}","templated":true}]}}