
{"id":69163,"date":"2017-11-27T17:41:44","date_gmt":"2017-11-27T20:41:44","guid":{"rendered":"http:\/\/www.sudoestehoje.com.br\/novoportal\/?p=69163"},"modified":"2017-11-27T18:24:16","modified_gmt":"2017-11-27T21:24:16","slug":"itapetinga-rodrigo-hagge-nomeia-danilo-pates-para-a-secretaria-de-saude","status":"publish","type":"post","link":"https:\/\/www.sudoestehoje.com.br\/novoportal\/2017\/11\/27\/itapetinga-rodrigo-hagge-nomeia-danilo-pates-para-a-secretaria-de-saude\/","title":{"rendered":"ITAPETINGA: RODRIGO HAGGE NOMEIA DANYLO PAT\u00caS PARA A SECRETARIA DE SA\u00daDE"},"content":{"rendered":"<p><a href=\"http:\/\/www.sudoestehoje.com.br\/novoportal\/wp-content\/uploads\/2017\/11\/danilo-pat\u00eas.jpg\"><img loading=\"lazy\" decoding=\"async\" class=\"aligncenter size-medium wp-image-69167\" src=\"http:\/\/www.sudoestehoje.com.br\/novoportal\/wp-content\/uploads\/2017\/11\/danilo-pat\u00eas-500x692.jpg\" alt=\"\" width=\"500\" height=\"692\" srcset=\"https:\/\/www.sudoestehoje.com.br\/novoportal\/wp-content\/uploads\/2017\/11\/danilo-pat\u00eas-500x692.jpg 500w, https:\/\/www.sudoestehoje.com.br\/novoportal\/wp-content\/uploads\/2017\/11\/danilo-pat\u00eas.jpg 555w\" sizes=\"auto, (max-width: 500px) 100vw, 500px\" \/><\/a><\/p>\n<p>Como o Sudoeste Hoje j\u00e1 havia previsto, o nome escolhido para substituir Helder Serafim na Secretaria de Sa\u00fade \u00e9 mesmo o do farmac\u00eautico Danylo Pat\u00eas.<\/p>\n<p>O pr\u00f3prio prefeito Rodrigo Hagge, em contato com o blog, confirmou a nomea\u00e7\u00e3o, que acaba de ser publicada no Di\u00e1rio Oficial do Munic\u00edpio, juntamente com a exonera\u00e7\u00e3o do ex-secret\u00e1rio Helder Serafim.<\/p>\n<p>Nos meios pol\u00edticos, a indica\u00e7\u00e3o de Danylo Pat\u00eas para assumir a Secretaria de Sa\u00fade foi recebida com serenidade, por se tratar de profissional qualificado e totalmente integrado ao grupo pol\u00edtico do prefeito, com atua\u00e7\u00e3o eficiente na pr\u00f3pria secretaria. <strong><em>Confira nomea\u00e7\u00e3o no DO:<\/em><\/strong><\/p>\n<p><a href=\"http:\/\/www.sudoestehoje.com.br\/novoportal\/wp-content\/uploads\/2017\/11\/DO.jpg\"><img loading=\"lazy\" decoding=\"async\" class=\"aligncenter size-medium wp-image-69173\" src=\"http:\/\/www.sudoestehoje.com.br\/novoportal\/wp-content\/uploads\/2017\/11\/DO-394x700.jpg\" alt=\"\" width=\"394\" height=\"700\" srcset=\"https:\/\/www.sudoestehoje.com.br\/novoportal\/wp-content\/uploads\/2017\/11\/DO-394x700.jpg 394w, https:\/\/www.sudoestehoje.com.br\/novoportal\/wp-content\/uploads\/2017\/11\/DO-506x900.jpg 506w, https:\/\/www.sudoestehoje.com.br\/novoportal\/wp-content\/uploads\/2017\/11\/DO.jpg 540w\" sizes=\"auto, (max-width: 394px) 100vw, 394px\" \/><\/a><\/p>\n<p><strong>Por Davi Ferraz\u00a0<\/strong><\/p>\n","protected":false},"excerpt":{"rendered":"<p>Como o Sudoeste Hoje j\u00e1 havia previsto, o nome escolhido para substituir Helder Serafim na Secretaria de Sa\u00fade \u00e9 mesmo o do farmac\u00eautico Danylo Pat\u00eas. O pr\u00f3prio prefeito Rodrigo Hagge, em contato com o blog, confirmou a nomea\u00e7\u00e3o, que acaba de ser publicada no Di\u00e1rio Oficial do Munic\u00edpio, juntamente com a exonera\u00e7\u00e3o do ex-secret\u00e1rio Helder [&hellip;]<\/p>\n","protected":false},"author":2,"featured_media":69167,"comment_status":"open","ping_status":"open","sticky":false,"template":"","format":"standard","meta":{"footnotes":"","_links_to":"","_links_to_target":""},"categories":[1],"tags":[],"class_list":["post-69163","post","type-post","status-publish","format-standard","has-post-thumbnail","hentry","category-geral"],"views":2428,"_links":{"self":[{"href":"https:\/\/www.sudoestehoje.com.br\/novoportal\/wp-json\/wp\/v2\/posts\/69163","targetHints":{"allow":["GET"]}}],"collection":[{"href":"https:\/\/www.sudoestehoje.com.br\/novoportal\/wp-json\/wp\/v2\/posts"}],"about":[{"href":"https:\/\/www.sudoestehoje.com.br\/novoportal\/wp-json\/wp\/v2\/types\/post"}],"author":[{"embeddable":true,"href":"https:\/\/www.sudoestehoje.com.br\/novoportal\/wp-json\/wp\/v2\/users\/2"}],"replies":[{"embeddable":true,"href":"https:\/\/www.sudoestehoje.com.br\/novoportal\/wp-json\/wp\/v2\/comments?post=69163"}],"version-history":[{"count":7,"href":"https:\/\/www.sudoestehoje.com.br\/novoportal\/wp-json\/wp\/v2\/posts\/69163\/revisions"}],"predecessor-version":[{"id":69175,"href":"https:\/\/www.sudoestehoje.com.br\/novoportal\/wp-json\/wp\/v2\/posts\/69163\/revisions\/69175"}],"wp:featuredmedia":[{"embeddable":true,"href":"https:\/\/www.sudoestehoje.com.br\/novoportal\/wp-json\/wp\/v2\/media\/69167"}],"wp:attachment":[{"href":"https:\/\/www.sudoestehoje.com.br\/novoportal\/wp-json\/wp\/v2\/media?parent=69163"}],"wp:term":[{"taxonomy":"category","embeddable":true,"href":"https:\/\/www.sudoestehoje.com.br\/novoportal\/wp-json\/wp\/v2\/categories?post=69163"},{"taxonomy":"post_tag","embeddable":true,"href":"https:\/\/www.sudoestehoje.com.br\/novoportal\/wp-json\/wp\/v2\/tags?post=69163"}],"curies":[{"name":"wp","href":"https:\/\/api.w.org\/{rel}","templated":true}]}}