
{"id":69139,"date":"2017-11-25T19:20:08","date_gmt":"2017-11-25T22:20:08","guid":{"rendered":"http:\/\/www.sudoestehoje.com.br\/novoportal\/?p=69139"},"modified":"2017-11-25T19:20:08","modified_gmt":"2017-11-25T22:20:08","slug":"prefeitura-de-itororo-emite-nota-sobre-uso-de-carro-oficial-para-fins-particulares","status":"publish","type":"post","link":"https:\/\/www.sudoestehoje.com.br\/novoportal\/2017\/11\/25\/prefeitura-de-itororo-emite-nota-sobre-uso-de-carro-oficial-para-fins-particulares\/","title":{"rendered":"PREFEITURA DE ITOROR\u00d3 EMITE NOTA SOBRE USO DE CARRO OFICIAL PARA FINS PARTICULARES"},"content":{"rendered":"<p>Depois da circula\u00e7\u00e3o de um v\u00eddeo nas redes sociais e da den\u00fancia do Sudoeste Hoje e outros blogs mostrando um carro oficial da Secretaria de A\u00e7\u00e3o Social (Bolsa Fam\u00edlia) sendo usado por tr\u00eas mulheres para transportar sacolas de compras no &#8216;Black Friday&#8217; das Lojas Americanas, em Itapetinga, a Prefeitura de Itoror\u00f3 emitiu Nota de Esclarecimento sobre o lament\u00e1vel epis\u00f3dio, que o blog faz quest\u00e3o de divulgar espontaneamente: <strong><em>Confira a nota:<\/em><\/strong><\/p>\n<p><a href=\"http:\/\/www.sudoestehoje.com.br\/novoportal\/wp-content\/uploads\/2017\/11\/nota-itoror\u00f3.jpg\"><img loading=\"lazy\" decoding=\"async\" class=\"aligncenter size-medium wp-image-69140\" src=\"http:\/\/www.sudoestehoje.com.br\/novoportal\/wp-content\/uploads\/2017\/11\/nota-itoror\u00f3-500x500.jpg\" alt=\"\" width=\"500\" height=\"500\" srcset=\"https:\/\/www.sudoestehoje.com.br\/novoportal\/wp-content\/uploads\/2017\/11\/nota-itoror\u00f3-500x500.jpg 500w, https:\/\/www.sudoestehoje.com.br\/novoportal\/wp-content\/uploads\/2017\/11\/nota-itoror\u00f3-150x150.jpg 150w, https:\/\/www.sudoestehoje.com.br\/novoportal\/wp-content\/uploads\/2017\/11\/nota-itoror\u00f3-768x768.jpg 768w, https:\/\/www.sudoestehoje.com.br\/novoportal\/wp-content\/uploads\/2017\/11\/nota-itoror\u00f3-700x700.jpg 700w, https:\/\/www.sudoestehoje.com.br\/novoportal\/wp-content\/uploads\/2017\/11\/nota-itoror\u00f3.jpg 960w\" sizes=\"auto, (max-width: 500px) 100vw, 500px\" \/><\/a><\/p>\n<p>A respeito dos esclarecimentos da prefeitura, o Sudoeste Hoje lembra que o uso do ve\u00edculo em apre\u00e7o \u00e9 exclusivo do Bolsa Fam\u00edlia e n\u00e3o poderia estar sendo utilizado para outras a\u00e7\u00f5es da Secretaria de A\u00e7\u00e3o Social, em nenhuma hip\u00f3tese.<\/p>\n<p>O uso de ve\u00edculo oficial para fins particulares \u00e9 considerado Crime de Peculato de Uso, podendo o gestor responder judicialmente por Improbidade Administrativa, segundo julgados dos tribunais superiores.<\/p>\n<p><strong><em>Por Davi Ferraz<\/em><\/strong><\/p>\n","protected":false},"excerpt":{"rendered":"<p>Depois da circula\u00e7\u00e3o de um v\u00eddeo nas redes sociais e da den\u00fancia do Sudoeste Hoje e outros blogs mostrando um carro oficial da Secretaria de A\u00e7\u00e3o Social (Bolsa Fam\u00edlia) sendo usado por tr\u00eas mulheres para transportar sacolas de compras no &#8216;Black Friday&#8217; das Lojas Americanas, em Itapetinga, a Prefeitura de Itoror\u00f3 emitiu Nota de Esclarecimento [&hellip;]<\/p>\n","protected":false},"author":2,"featured_media":69140,"comment_status":"open","ping_status":"open","sticky":false,"template":"","format":"standard","meta":{"footnotes":"","_links_to":"","_links_to_target":""},"categories":[1],"tags":[],"class_list":["post-69139","post","type-post","status-publish","format-standard","has-post-thumbnail","hentry","category-geral"],"views":1577,"_links":{"self":[{"href":"https:\/\/www.sudoestehoje.com.br\/novoportal\/wp-json\/wp\/v2\/posts\/69139","targetHints":{"allow":["GET"]}}],"collection":[{"href":"https:\/\/www.sudoestehoje.com.br\/novoportal\/wp-json\/wp\/v2\/posts"}],"about":[{"href":"https:\/\/www.sudoestehoje.com.br\/novoportal\/wp-json\/wp\/v2\/types\/post"}],"author":[{"embeddable":true,"href":"https:\/\/www.sudoestehoje.com.br\/novoportal\/wp-json\/wp\/v2\/users\/2"}],"replies":[{"embeddable":true,"href":"https:\/\/www.sudoestehoje.com.br\/novoportal\/wp-json\/wp\/v2\/comments?post=69139"}],"version-history":[{"count":3,"href":"https:\/\/www.sudoestehoje.com.br\/novoportal\/wp-json\/wp\/v2\/posts\/69139\/revisions"}],"predecessor-version":[{"id":69143,"href":"https:\/\/www.sudoestehoje.com.br\/novoportal\/wp-json\/wp\/v2\/posts\/69139\/revisions\/69143"}],"wp:featuredmedia":[{"embeddable":true,"href":"https:\/\/www.sudoestehoje.com.br\/novoportal\/wp-json\/wp\/v2\/media\/69140"}],"wp:attachment":[{"href":"https:\/\/www.sudoestehoje.com.br\/novoportal\/wp-json\/wp\/v2\/media?parent=69139"}],"wp:term":[{"taxonomy":"category","embeddable":true,"href":"https:\/\/www.sudoestehoje.com.br\/novoportal\/wp-json\/wp\/v2\/categories?post=69139"},{"taxonomy":"post_tag","embeddable":true,"href":"https:\/\/www.sudoestehoje.com.br\/novoportal\/wp-json\/wp\/v2\/tags?post=69139"}],"curies":[{"name":"wp","href":"https:\/\/api.w.org\/{rel}","templated":true}]}}