
{"id":69123,"date":"2017-11-24T20:28:37","date_gmt":"2017-11-24T23:28:37","guid":{"rendered":"http:\/\/www.sudoestehoje.com.br\/novoportal\/?p=69123"},"modified":"2017-11-24T20:28:37","modified_gmt":"2017-11-24T23:28:37","slug":"morre-aos-43-anos-ailton-dos-santos-seguranca-do-banco-itau-em-itapetinga","status":"publish","type":"post","link":"https:\/\/www.sudoestehoje.com.br\/novoportal\/2017\/11\/24\/morre-aos-43-anos-ailton-dos-santos-seguranca-do-banco-itau-em-itapetinga\/","title":{"rendered":"MORRE, AOS 43 ANOS, AILTON DOS SANTOS, SEGURAN\u00c7A DO BANCO ITA\u00da EM ITAPETINGA"},"content":{"rendered":"<p><a href=\"http:\/\/www.sudoestehoje.com.br\/novoportal\/wp-content\/uploads\/2017\/11\/ailton.jpg\"><img loading=\"lazy\" decoding=\"async\" class=\"wp-image-69124 alignleft\" src=\"http:\/\/www.sudoestehoje.com.br\/novoportal\/wp-content\/uploads\/2017\/11\/ailton.jpg\" alt=\"\" width=\"184\" height=\"246\" \/><\/a><\/p>\n<p>Faleceu, na manh\u00e3 desta sexta-feira (24),em Vit\u00f3ria da Conquista, o querido Ailton dos Santos, seguran\u00e7a da ag\u00eancia do Banco Ita\u00fa em Itapetinga, v\u00edtima de um AVC ocorrido no \u00faltimo dia 7 de novembro.<\/p>\n<p>Ap\u00f3s ser socorrido, Ailton foi conduzido ao Hospital Cristo Redentor, onde permaneceu internado por quatro dias, sendo encaminhado posteriormente ao Hospital de Base de Vit\u00f3ria da Conquista, para ser avaliado e tratado por um neurologista.<\/p>\n<p>Depois de v\u00e1rios dias internado na UTI do Hospital de Base, o seu quadro cl\u00ednico se agravou, constatando-se a sua morte cerebral.<\/p>\n<p>Ailton deixa esposa e dois filhos, e seu corpo ser\u00e1 velado no Cerimonial no Cerimonial Pax Perfei\u00e7\u00e3o, na Avenida Dr. Arnaldo Teixeira. O sepultamento ser\u00e1 \u00e0s 16h deste s\u00e1bado (25), no Cemit\u00e9rio Parque da Eternidade, na Nova Itapetinga.<\/p>\n<p>O Sudoeste Hoje manifesta o seu pesar e condol\u00eancias \u00e0 fam\u00edlia enlutada.<\/p>\n<p><strong><em>Davi Ferraz<\/em><\/strong><\/p>\n","protected":false},"excerpt":{"rendered":"<p>Faleceu, na manh\u00e3 desta sexta-feira (24),em Vit\u00f3ria da Conquista, o querido Ailton dos Santos, seguran\u00e7a da ag\u00eancia do Banco Ita\u00fa em Itapetinga, v\u00edtima de um AVC ocorrido no \u00faltimo dia 7 de novembro. Ap\u00f3s ser socorrido, Ailton foi conduzido ao Hospital Cristo Redentor, onde permaneceu internado por quatro dias, sendo encaminhado posteriormente ao Hospital de [&hellip;]<\/p>\n","protected":false},"author":2,"featured_media":69124,"comment_status":"open","ping_status":"open","sticky":false,"template":"","format":"standard","meta":{"footnotes":"","_links_to":"","_links_to_target":""},"categories":[1],"tags":[],"class_list":["post-69123","post","type-post","status-publish","format-standard","has-post-thumbnail","hentry","category-geral"],"views":1815,"_links":{"self":[{"href":"https:\/\/www.sudoestehoje.com.br\/novoportal\/wp-json\/wp\/v2\/posts\/69123","targetHints":{"allow":["GET"]}}],"collection":[{"href":"https:\/\/www.sudoestehoje.com.br\/novoportal\/wp-json\/wp\/v2\/posts"}],"about":[{"href":"https:\/\/www.sudoestehoje.com.br\/novoportal\/wp-json\/wp\/v2\/types\/post"}],"author":[{"embeddable":true,"href":"https:\/\/www.sudoestehoje.com.br\/novoportal\/wp-json\/wp\/v2\/users\/2"}],"replies":[{"embeddable":true,"href":"https:\/\/www.sudoestehoje.com.br\/novoportal\/wp-json\/wp\/v2\/comments?post=69123"}],"version-history":[{"count":1,"href":"https:\/\/www.sudoestehoje.com.br\/novoportal\/wp-json\/wp\/v2\/posts\/69123\/revisions"}],"predecessor-version":[{"id":69125,"href":"https:\/\/www.sudoestehoje.com.br\/novoportal\/wp-json\/wp\/v2\/posts\/69123\/revisions\/69125"}],"wp:featuredmedia":[{"embeddable":true,"href":"https:\/\/www.sudoestehoje.com.br\/novoportal\/wp-json\/wp\/v2\/media\/69124"}],"wp:attachment":[{"href":"https:\/\/www.sudoestehoje.com.br\/novoportal\/wp-json\/wp\/v2\/media?parent=69123"}],"wp:term":[{"taxonomy":"category","embeddable":true,"href":"https:\/\/www.sudoestehoje.com.br\/novoportal\/wp-json\/wp\/v2\/categories?post=69123"},{"taxonomy":"post_tag","embeddable":true,"href":"https:\/\/www.sudoestehoje.com.br\/novoportal\/wp-json\/wp\/v2\/tags?post=69123"}],"curies":[{"name":"wp","href":"https:\/\/api.w.org\/{rel}","templated":true}]}}