
{"id":6911,"date":"2011-07-22T21:24:38","date_gmt":"2011-07-23T00:24:38","guid":{"rendered":"http:\/\/www.sudoestehoje.com.br\/novoportal\/?p=6911"},"modified":"2011-07-22T21:24:38","modified_gmt":"2011-07-23T00:24:38","slug":"juizados-terao-atividades-suspensas-na-proxima-semana","status":"publish","type":"post","link":"https:\/\/www.sudoestehoje.com.br\/novoportal\/2011\/07\/22\/juizados-terao-atividades-suspensas-na-proxima-semana\/","title":{"rendered":"JUIZADOS TER\u00c3O ATIVIDADES SUSPENSAS NA PR\u00d3XIMA SEMANA"},"content":{"rendered":"<p style=\"text-align: center;\"><img loading=\"lazy\" decoding=\"async\" class=\"aligncenter\" src=\"http:\/\/s.conjur.com.br\/img\/b\/sala-conciliacao-juizado-especial.jpeg\" alt=\"\" width=\"293\" height=\"240\" \/><\/p>\n<p style=\"text-align: center;\"><em><strong>Juizados n\u00e3o funcionar\u00e3o para implanta\u00e7\u00e3o do Projudi<\/strong><\/em><\/p>\n<p style=\"text-align: left;\">\u00a0<\/p>\n<p style=\"text-align: left;\">As atividades dos juizados especiais das comarcas de<em> <\/em><strong>Itapetinga<\/strong>, Santo Ant\u00f4nio de Jesus, Jacobina e\u00a0Porto Seguro\u00a0estar\u00e3o suspensas na semana que tem in\u00edcio nessa segunda (25) para a implanta\u00e7\u00e3o do Processo Judicial Digital (Projudi). O novo sistema de inform\u00e1tica que ser\u00e1 substitu\u00eddo reproduz o procedimento judicial em meio eletr\u00f4nico, de acordo com informa\u00e7\u00f5es do A Tarde.<\/p>\n<p>Os servidores dos juizados passar\u00e3o por treinamento para a utiliza\u00e7\u00e3o do programa e, por isso, n\u00e3o ir\u00e3o funcionar o atendimento judici\u00e1rio e os atendimentos na recep\u00e7\u00e3o e na secretaria dos juizados. Na Comarca de Santo Ant\u00f4nio de Jesus, turno matutino, ser\u00e3o suspensas as atividades do Juizado Especial C\u00edvel, no per\u00edodo de 25 a 29 de julho.<\/p>\n<p>No mesmo per\u00edodo, nos dois turnos, o mesmo acontece com os juizados especiais C\u00edvel e Criminal das comarcas de Jacobina e <strong>Itapetinga<\/strong>. J\u00e1 em Porto Seguro, no turno matutino, estar\u00e3o suspensas as atividades do Juizado Especial C\u00edvel de Apoio de 26 a 29 de julho.<\/p>\n<p><em><strong>A Tarde<\/strong><\/em><\/p>\n","protected":false},"excerpt":{"rendered":"<p>Juizados n\u00e3o funcionar\u00e3o para implanta\u00e7\u00e3o do Projudi \u00a0 As atividades dos juizados especiais das comarcas de Itapetinga, Santo Ant\u00f4nio de Jesus, Jacobina e\u00a0Porto Seguro\u00a0estar\u00e3o suspensas na semana que tem in\u00edcio nessa segunda (25) para a implanta\u00e7\u00e3o do Processo Judicial Digital (Projudi). O novo sistema de inform\u00e1tica que ser\u00e1 substitu\u00eddo reproduz o procedimento judicial em meio [&hellip;]<\/p>\n","protected":false},"author":2,"featured_media":0,"comment_status":"open","ping_status":"open","sticky":false,"template":"","format":"standard","meta":{"footnotes":"","_links_to":"","_links_to_target":""},"categories":[1],"tags":[],"class_list":["post-6911","post","type-post","status-publish","format-standard","hentry","category-geral"],"views":1120,"_links":{"self":[{"href":"https:\/\/www.sudoestehoje.com.br\/novoportal\/wp-json\/wp\/v2\/posts\/6911","targetHints":{"allow":["GET"]}}],"collection":[{"href":"https:\/\/www.sudoestehoje.com.br\/novoportal\/wp-json\/wp\/v2\/posts"}],"about":[{"href":"https:\/\/www.sudoestehoje.com.br\/novoportal\/wp-json\/wp\/v2\/types\/post"}],"author":[{"embeddable":true,"href":"https:\/\/www.sudoestehoje.com.br\/novoportal\/wp-json\/wp\/v2\/users\/2"}],"replies":[{"embeddable":true,"href":"https:\/\/www.sudoestehoje.com.br\/novoportal\/wp-json\/wp\/v2\/comments?post=6911"}],"version-history":[{"count":4,"href":"https:\/\/www.sudoestehoje.com.br\/novoportal\/wp-json\/wp\/v2\/posts\/6911\/revisions"}],"predecessor-version":[{"id":6915,"href":"https:\/\/www.sudoestehoje.com.br\/novoportal\/wp-json\/wp\/v2\/posts\/6911\/revisions\/6915"}],"wp:attachment":[{"href":"https:\/\/www.sudoestehoje.com.br\/novoportal\/wp-json\/wp\/v2\/media?parent=6911"}],"wp:term":[{"taxonomy":"category","embeddable":true,"href":"https:\/\/www.sudoestehoje.com.br\/novoportal\/wp-json\/wp\/v2\/categories?post=6911"},{"taxonomy":"post_tag","embeddable":true,"href":"https:\/\/www.sudoestehoje.com.br\/novoportal\/wp-json\/wp\/v2\/tags?post=6911"}],"curies":[{"name":"wp","href":"https:\/\/api.w.org\/{rel}","templated":true}]}}