
{"id":69108,"date":"2017-11-22T20:41:21","date_gmt":"2017-11-22T23:41:21","guid":{"rendered":"http:\/\/www.sudoestehoje.com.br\/novoportal\/?p=69108"},"modified":"2017-11-22T20:41:21","modified_gmt":"2017-11-22T23:41:21","slug":"planalto-contraria-especulacoes-e-mantem-imbassahy-na-secretaria-de-governo","status":"publish","type":"post","link":"https:\/\/www.sudoestehoje.com.br\/novoportal\/2017\/11\/22\/planalto-contraria-especulacoes-e-mantem-imbassahy-na-secretaria-de-governo\/","title":{"rendered":"PLANALTO CONTRARIA ESPECULA\u00c7\u00d5ES E MANT\u00c9M IMBASSAHY NA SECRETARIA DE GOVERNO"},"content":{"rendered":"<p><a href=\"http:\/\/www.sudoestehoje.com.br\/novoportal\/wp-content\/uploads\/2017\/11\/imbassahy-e-temer.jpg\"><img loading=\"lazy\" decoding=\"async\" class=\"aligncenter size-medium wp-image-69112\" src=\"http:\/\/www.sudoestehoje.com.br\/novoportal\/wp-content\/uploads\/2017\/11\/imbassahy-e-temer-500x262.jpg\" alt=\"\" width=\"500\" height=\"262\" srcset=\"https:\/\/www.sudoestehoje.com.br\/novoportal\/wp-content\/uploads\/2017\/11\/imbassahy-e-temer-500x262.jpg 500w, https:\/\/www.sudoestehoje.com.br\/novoportal\/wp-content\/uploads\/2017\/11\/imbassahy-e-temer-768x402.jpg 768w, https:\/\/www.sudoestehoje.com.br\/novoportal\/wp-content\/uploads\/2017\/11\/imbassahy-e-temer-700x366.jpg 700w, https:\/\/www.sudoestehoje.com.br\/novoportal\/wp-content\/uploads\/2017\/11\/imbassahy-e-temer.jpg 956w\" sizes=\"auto, (max-width: 500px) 100vw, 500px\" \/><\/a><\/p>\n<p>Ap\u00f3s especula\u00e7\u00f5es de que o deputado Carlos Marun (PMDB-MS)\u00a0seria indicado para assumir a Secretaria de Governo, o Pal\u00e1cio do Planalto convocou a imprensa na tarde desta quarta-feira (22) para afirmar oficialmente que o ministro Ant\u00f4nio Imbassahy (PSDB-BA) seguir\u00e1 \u00e0 frente da pasta.<\/p>\n<p>\u201cH\u00e1 conversas sobre o assunto, mas Imbassahy segue no cargo\u201d, afirmou o secret\u00e1rio de imprensa da Presid\u00eancia,\u00a0M\u00e1rcio de Freitas. O\u00a0governo Temer afirmou ainda que a \u00fanica posse de ministro para esta semana ser\u00e1 de Alexandre Baldy, que assume hoje o Minist\u00e9rio das Cidades.<\/p>\n<p>Em contato com o Sudoeste Hoje, o Secret\u00e1rio Nacional para Assuntos Corporativos da Presid\u00eancia da Rep\u00fablica, o baiano Paulo C\u00e2mara, reafirmou a perman\u00eancia do Ministro de Imbassahy no governo Temer, <em>&#8220;apesar das especula\u00e7\u00f5es maldosas da imprensa mal informada&#8221;<\/em>.<\/p>\n","protected":false},"excerpt":{"rendered":"<p>Ap\u00f3s especula\u00e7\u00f5es de que o deputado Carlos Marun (PMDB-MS)\u00a0seria indicado para assumir a Secretaria de Governo, o Pal\u00e1cio do Planalto convocou a imprensa na tarde desta quarta-feira (22) para afirmar oficialmente que o ministro Ant\u00f4nio Imbassahy (PSDB-BA) seguir\u00e1 \u00e0 frente da pasta. \u201cH\u00e1 conversas sobre o assunto, mas Imbassahy segue no cargo\u201d, afirmou o secret\u00e1rio [&hellip;]<\/p>\n","protected":false},"author":2,"featured_media":69112,"comment_status":"open","ping_status":"open","sticky":false,"template":"","format":"standard","meta":{"footnotes":"","_links_to":"","_links_to_target":""},"categories":[1],"tags":[],"class_list":["post-69108","post","type-post","status-publish","format-standard","has-post-thumbnail","hentry","category-geral"],"views":1093,"_links":{"self":[{"href":"https:\/\/www.sudoestehoje.com.br\/novoportal\/wp-json\/wp\/v2\/posts\/69108","targetHints":{"allow":["GET"]}}],"collection":[{"href":"https:\/\/www.sudoestehoje.com.br\/novoportal\/wp-json\/wp\/v2\/posts"}],"about":[{"href":"https:\/\/www.sudoestehoje.com.br\/novoportal\/wp-json\/wp\/v2\/types\/post"}],"author":[{"embeddable":true,"href":"https:\/\/www.sudoestehoje.com.br\/novoportal\/wp-json\/wp\/v2\/users\/2"}],"replies":[{"embeddable":true,"href":"https:\/\/www.sudoestehoje.com.br\/novoportal\/wp-json\/wp\/v2\/comments?post=69108"}],"version-history":[{"count":2,"href":"https:\/\/www.sudoestehoje.com.br\/novoportal\/wp-json\/wp\/v2\/posts\/69108\/revisions"}],"predecessor-version":[{"id":69114,"href":"https:\/\/www.sudoestehoje.com.br\/novoportal\/wp-json\/wp\/v2\/posts\/69108\/revisions\/69114"}],"wp:featuredmedia":[{"embeddable":true,"href":"https:\/\/www.sudoestehoje.com.br\/novoportal\/wp-json\/wp\/v2\/media\/69112"}],"wp:attachment":[{"href":"https:\/\/www.sudoestehoje.com.br\/novoportal\/wp-json\/wp\/v2\/media?parent=69108"}],"wp:term":[{"taxonomy":"category","embeddable":true,"href":"https:\/\/www.sudoestehoje.com.br\/novoportal\/wp-json\/wp\/v2\/categories?post=69108"},{"taxonomy":"post_tag","embeddable":true,"href":"https:\/\/www.sudoestehoje.com.br\/novoportal\/wp-json\/wp\/v2\/tags?post=69108"}],"curies":[{"name":"wp","href":"https:\/\/api.w.org\/{rel}","templated":true}]}}