
{"id":69098,"date":"2017-11-21T23:12:13","date_gmt":"2017-11-22T02:12:13","guid":{"rendered":"http:\/\/www.sudoestehoje.com.br\/novoportal\/?p=69098"},"modified":"2017-11-21T23:12:13","modified_gmt":"2017-11-22T02:12:13","slug":"professores-da-uesb-paralisam-dia-28-contra-arrocho-salarial-de-rui-costa","status":"publish","type":"post","link":"https:\/\/www.sudoestehoje.com.br\/novoportal\/2017\/11\/21\/professores-da-uesb-paralisam-dia-28-contra-arrocho-salarial-de-rui-costa\/","title":{"rendered":"PROFESSORES DA UESB PARALISAM DIA 28 CONTRA ARROCHO SALARIAL DE RUI COSTA"},"content":{"rendered":"<p id=\"yui_3_16_0_ym19_1_1511316303146_4603\"><b id=\"yui_3_16_0_ym19_1_1511316303146_4602\"><a href=\"http:\/\/www.sudoestehoje.com.br\/novoportal\/wp-content\/uploads\/2017\/11\/23758466_1667695743293734_524164667_n.png\"><img loading=\"lazy\" decoding=\"async\" class=\"aligncenter size-medium wp-image-69099\" src=\"http:\/\/www.sudoestehoje.com.br\/novoportal\/wp-content\/uploads\/2017\/11\/23758466_1667695743293734_524164667_n-500x500.png\" alt=\"\" width=\"500\" height=\"500\" srcset=\"https:\/\/www.sudoestehoje.com.br\/novoportal\/wp-content\/uploads\/2017\/11\/23758466_1667695743293734_524164667_n-500x500.png 500w, https:\/\/www.sudoestehoje.com.br\/novoportal\/wp-content\/uploads\/2017\/11\/23758466_1667695743293734_524164667_n-150x150.png 150w, https:\/\/www.sudoestehoje.com.br\/novoportal\/wp-content\/uploads\/2017\/11\/23758466_1667695743293734_524164667_n-768x768.png 768w, https:\/\/www.sudoestehoje.com.br\/novoportal\/wp-content\/uploads\/2017\/11\/23758466_1667695743293734_524164667_n-700x700.png 700w, https:\/\/www.sudoestehoje.com.br\/novoportal\/wp-content\/uploads\/2017\/11\/23758466_1667695743293734_524164667_n.png 800w\" sizes=\"auto, (max-width: 500px) 100vw, 500px\" \/><\/a><\/b><\/p>\n<p id=\"yui_3_16_0_ym19_1_1511316303146_2939\">Em protesto contra o arrocho salarial e pela garantia de direitos trabalhistas, professores da Uesb paralisar\u00e3o no dia 28 de novembro. A categoria reivindica que o governo Rui Costa negocie a pauta protocolada desde dezembro do ano passado. Os docentes estar\u00e3o mobilizados em frente aos port\u00f5es da Universidade a partir das 8h. A suspens\u00e3o de atividades acontecer\u00e1 tamb\u00e9m na Uneb e Uesc.<\/p>\n<p id=\"yui_3_16_0_ym19_1_1511316303146_4599\"><strong id=\"yui_3_16_0_ym19_1_1511316303146_4598\">Sal\u00e1rio e direitos trabalhistas<\/strong><\/p>\n<p id=\"yui_3_16_0_ym19_1_1511316303146_2969\">Servidores p\u00fablicos baianos est\u00e3o h\u00e1 quase tr\u00eas anos sem reposi\u00e7\u00e3o inflacion\u00e1ria, uma perda de 20,5%. O valor \u00e9 equivalente ao n\u00e3o pagamento de quase tr\u00eas meses de sal\u00e1rio ao longo do per\u00edodo. Cerca de 300 professores da Uesb est\u00e3o com direitos trabalhistas travados entre promo\u00e7\u00f5es, progress\u00f5es e mudan\u00e7as de regime de trabalho, alguns j\u00e1 desde o ano passado. Para reverter o quadro, o movimento reivindica recomposi\u00e7\u00e3o salarial de 30,5% e o respeito aos direitos trabalhistas.<\/p>\n<p id=\"yui_3_16_0_ym19_1_1511316303146_2968\"><strong id=\"yui_3_16_0_ym19_1_1511316303146_2967\">Crise or\u00e7ament\u00e1ria<\/strong><\/p>\n<p id=\"yui_3_16_0_ym19_1_1511316303146_2941\">Tomando como base 2013, mais de R$ 50 milh\u00f5es deixaram de ser repassados para as verbas de manuten\u00e7\u00e3o, investimento e custeio da Uesb. A situa\u00e7\u00e3o afeta diretamente o funcionamento da Institui\u00e7\u00e3o. Mais de 210 projetos de pesquisa deixaram de ser atendidos nos \u00faltimos tr\u00eas anos e os projetos de extens\u00e3o sofreram cortes de R$ 780 mil. Um grave ataque \u00e0 produ\u00e7\u00e3o de conhecimento e \u00e0 presta\u00e7\u00e3o de servi\u00e7os \u00e0 popula\u00e7\u00e3o. Faltam recursos tamb\u00e9m para o pagamento de bolsas, de fornecedores, materiais para laborat\u00f3rios, aulas de campo e outras atividades essenciais.<\/p>\n<p id=\"yui_3_16_0_ym19_1_1511316303146_2948\"><strong>Descaso<\/strong><\/p>\n<p id=\"yui_3_16_0_ym19_1_1511316303146_2947\">Apesar do cen\u00e1rio preocupante, o governo Rui Costa se recusa a negociar com o movimento docente. A justificativa \u00e9 de que o Estado est\u00e1 com dificuldades financeiras, o que contrasta com os n\u00fameros divulgados pelo pr\u00f3prio governo.\u00a0<a href=\"http:\/\/www.adusb.org.br\/web\/page?slug=news&amp;id=9117&amp;pslug=#.WhSdp0qnG1s\" target=\"_blank\" rel=\"nofollow noopener noreferrer\">A economia da Bahia cresceu<\/a>, no \u00faltimo trimestre, dez vezes mais que a do Brasil e os gastos com pessoal no segundo quadrimestre ficaram em 41,79% da receita do Estado, o menor valor desde 2014 e muito abaixo do limite m\u00e1ximo permitido, que \u00e9 de 48,60%. Professores da Uesb, Uesc, Uefs e Uneb j\u00e1 aprovaram indicativo de greve, uma demonstra\u00e7\u00e3o de disposi\u00e7\u00e3o para um enfrentamento mais radicalizado ao governo Rui Costa.<\/p>\n<p id=\"yui_3_16_0_ym19_1_1511316303146_2949\"><a id=\"yui_3_16_0_ym19_1_1511316303146_2966\" href=\"http:\/\/adusb.org.br\/resources\/2016\/12\/4RgeL771.pdf\" target=\"_blank\" rel=\"nofollow noopener noreferrer\">Conhe\u00e7a a pauta de reivindica\u00e7\u00f5es.<\/a><\/p>\n","protected":false},"excerpt":{"rendered":"<p>Em protesto contra o arrocho salarial e pela garantia de direitos trabalhistas, professores da Uesb paralisar\u00e3o no dia 28 de novembro. A categoria reivindica que o governo Rui Costa negocie a pauta protocolada desde dezembro do ano passado. Os docentes estar\u00e3o mobilizados em frente aos port\u00f5es da Universidade a partir das 8h. A suspens\u00e3o de [&hellip;]<\/p>\n","protected":false},"author":2,"featured_media":69099,"comment_status":"open","ping_status":"open","sticky":false,"template":"","format":"standard","meta":{"footnotes":"","_links_to":"","_links_to_target":""},"categories":[1],"tags":[],"class_list":["post-69098","post","type-post","status-publish","format-standard","has-post-thumbnail","hentry","category-geral"],"views":1051,"_links":{"self":[{"href":"https:\/\/www.sudoestehoje.com.br\/novoportal\/wp-json\/wp\/v2\/posts\/69098","targetHints":{"allow":["GET"]}}],"collection":[{"href":"https:\/\/www.sudoestehoje.com.br\/novoportal\/wp-json\/wp\/v2\/posts"}],"about":[{"href":"https:\/\/www.sudoestehoje.com.br\/novoportal\/wp-json\/wp\/v2\/types\/post"}],"author":[{"embeddable":true,"href":"https:\/\/www.sudoestehoje.com.br\/novoportal\/wp-json\/wp\/v2\/users\/2"}],"replies":[{"embeddable":true,"href":"https:\/\/www.sudoestehoje.com.br\/novoportal\/wp-json\/wp\/v2\/comments?post=69098"}],"version-history":[{"count":1,"href":"https:\/\/www.sudoestehoje.com.br\/novoportal\/wp-json\/wp\/v2\/posts\/69098\/revisions"}],"predecessor-version":[{"id":69100,"href":"https:\/\/www.sudoestehoje.com.br\/novoportal\/wp-json\/wp\/v2\/posts\/69098\/revisions\/69100"}],"wp:featuredmedia":[{"embeddable":true,"href":"https:\/\/www.sudoestehoje.com.br\/novoportal\/wp-json\/wp\/v2\/media\/69099"}],"wp:attachment":[{"href":"https:\/\/www.sudoestehoje.com.br\/novoportal\/wp-json\/wp\/v2\/media?parent=69098"}],"wp:term":[{"taxonomy":"category","embeddable":true,"href":"https:\/\/www.sudoestehoje.com.br\/novoportal\/wp-json\/wp\/v2\/categories?post=69098"},{"taxonomy":"post_tag","embeddable":true,"href":"https:\/\/www.sudoestehoje.com.br\/novoportal\/wp-json\/wp\/v2\/tags?post=69098"}],"curies":[{"name":"wp","href":"https:\/\/api.w.org\/{rel}","templated":true}]}}