
{"id":69092,"date":"2017-11-21T21:57:16","date_gmt":"2017-11-22T00:57:16","guid":{"rendered":"http:\/\/www.sudoestehoje.com.br\/novoportal\/?p=69092"},"modified":"2017-11-21T21:57:16","modified_gmt":"2017-11-22T00:57:16","slug":"camara-decreta-luto-e-suspende-sessao-pelo-falecimento-da-mae-do-vereador-anderson","status":"publish","type":"post","link":"https:\/\/www.sudoestehoje.com.br\/novoportal\/2017\/11\/21\/camara-decreta-luto-e-suspende-sessao-pelo-falecimento-da-mae-do-vereador-anderson\/","title":{"rendered":"C\u00c2MARA DECRETA LUTO E SUSPENDE SESS\u00c3O PELO FALECIMENTO DA M\u00c3E DO VEREADOR ANDERSON"},"content":{"rendered":"<div id=\"parent-fieldname-description\" class=\"documentDescription\"><a href=\"http:\/\/www.sudoestehoje.com.br\/novoportal\/wp-content\/uploads\/2017\/11\/luto_oficial.jpg\"><img loading=\"lazy\" decoding=\"async\" class=\"aligncenter  wp-image-69094\" src=\"http:\/\/www.sudoestehoje.com.br\/novoportal\/wp-content\/uploads\/2017\/11\/luto_oficial.jpg\" alt=\"\" width=\"501\" height=\"334\" \/><\/a><\/div>\n<div id=\"viewlet-above-content-body\">A C\u00e2mara Municipal de Itapetinga manifesta profundo pesar pelo falecimento da senhora Elza Alves Cruz, aos 74 anos de idade. M\u00e3e do vereador Anderson da Nova (DEM), Dona Elza faleceu na tarde desta ter\u00e7a-feira (21).<\/div>\n<div id=\"content-core\">\n<div id=\"parent-fieldname-text\" class=\"plain\">\n<p>Natural de Vit\u00f3ria da Conquista, ela veio na adolesc\u00eancia para Itapetinga, onde constituiu fam\u00edlia e fez grandes amizades. Dona Elza, que era aposentada, deixa um legado de amor para seus cinco filhos e v\u00e1rios netos.<\/p>\n<p>O vel\u00f3rio est\u00e1 sendo realizado na sua resid\u00eancia, localizada na Travessa Salvador, N\u00ba 78, na Nova Itapetinga (pr\u00f3ximo ao Mercadinho Brasil). O sepultamento ser\u00e1 amanh\u00e3 (quarta-feira), \u00e0s 17 horas, no Cemit\u00e9rio\u00a0Parque da Eternidade, no mesmo bairro.<\/p>\n<p>Neste momento de dor, o presidente da C\u00e2mara, vereador Eliomar Barreira\/Tarug\u00e3o, em nome de todos os parlamentares e servidores, presta condol\u00eancias e se solidariza com os familiares e amigos enlutados pela grande e irrepar\u00e1vel perda.<\/p>\n<p>Em decorr\u00eancia do falecimento, a C\u00e2mara de Vereadores decreta luto oficial por tr\u00eas dias e suspende a sess\u00e3o ordin\u00e1ria desta quarta-feira (22). O setor administrativo funcionar\u00e1 com expediente reduzido, at\u00e9 \u00e0s 12 horas. \/\/<em>Ascom C\u00e2mara<\/em><\/p>\n<\/div>\n<\/div>\n","protected":false},"excerpt":{"rendered":"<p>A C\u00e2mara Municipal de Itapetinga manifesta profundo pesar pelo falecimento da senhora Elza Alves Cruz, aos 74 anos de idade. M\u00e3e do vereador Anderson da Nova (DEM), Dona Elza faleceu na tarde desta ter\u00e7a-feira (21). Natural de Vit\u00f3ria da Conquista, ela veio na adolesc\u00eancia para Itapetinga, onde constituiu fam\u00edlia e fez grandes amizades. Dona Elza, [&hellip;]<\/p>\n","protected":false},"author":2,"featured_media":69094,"comment_status":"open","ping_status":"open","sticky":false,"template":"","format":"standard","meta":{"footnotes":"","_links_to":"","_links_to_target":""},"categories":[1],"tags":[],"class_list":["post-69092","post","type-post","status-publish","format-standard","has-post-thumbnail","hentry","category-geral"],"views":1402,"_links":{"self":[{"href":"https:\/\/www.sudoestehoje.com.br\/novoportal\/wp-json\/wp\/v2\/posts\/69092","targetHints":{"allow":["GET"]}}],"collection":[{"href":"https:\/\/www.sudoestehoje.com.br\/novoportal\/wp-json\/wp\/v2\/posts"}],"about":[{"href":"https:\/\/www.sudoestehoje.com.br\/novoportal\/wp-json\/wp\/v2\/types\/post"}],"author":[{"embeddable":true,"href":"https:\/\/www.sudoestehoje.com.br\/novoportal\/wp-json\/wp\/v2\/users\/2"}],"replies":[{"embeddable":true,"href":"https:\/\/www.sudoestehoje.com.br\/novoportal\/wp-json\/wp\/v2\/comments?post=69092"}],"version-history":[{"count":4,"href":"https:\/\/www.sudoestehoje.com.br\/novoportal\/wp-json\/wp\/v2\/posts\/69092\/revisions"}],"predecessor-version":[{"id":69097,"href":"https:\/\/www.sudoestehoje.com.br\/novoportal\/wp-json\/wp\/v2\/posts\/69092\/revisions\/69097"}],"wp:featuredmedia":[{"embeddable":true,"href":"https:\/\/www.sudoestehoje.com.br\/novoportal\/wp-json\/wp\/v2\/media\/69094"}],"wp:attachment":[{"href":"https:\/\/www.sudoestehoje.com.br\/novoportal\/wp-json\/wp\/v2\/media?parent=69092"}],"wp:term":[{"taxonomy":"category","embeddable":true,"href":"https:\/\/www.sudoestehoje.com.br\/novoportal\/wp-json\/wp\/v2\/categories?post=69092"},{"taxonomy":"post_tag","embeddable":true,"href":"https:\/\/www.sudoestehoje.com.br\/novoportal\/wp-json\/wp\/v2\/tags?post=69092"}],"curies":[{"name":"wp","href":"https:\/\/api.w.org\/{rel}","templated":true}]}}