
{"id":69076,"date":"2017-11-21T18:44:37","date_gmt":"2017-11-21T21:44:37","guid":{"rendered":"http:\/\/www.sudoestehoje.com.br\/novoportal\/?p=69076"},"modified":"2017-11-21T18:44:37","modified_gmt":"2017-11-21T21:44:37","slug":"vereadores-ex-prefeito-e-empresario-sao-presos-por-desviar-r-13-milhoes-na-bahia","status":"publish","type":"post","link":"https:\/\/www.sudoestehoje.com.br\/novoportal\/2017\/11\/21\/vereadores-ex-prefeito-e-empresario-sao-presos-por-desviar-r-13-milhoes-na-bahia\/","title":{"rendered":"VEREADORES, EX-PREFEITO E EMPRES\u00c1RIO S\u00c3O PRESOS POR DESVIAR R$ 13 MILH\u00d5ES NA BAHIA"},"content":{"rendered":"<p class=\"bodytext\"><a href=\"http:\/\/www.sudoestehoje.com.br\/novoportal\/wp-content\/uploads\/2017\/11\/PREF-REMANSO.jpg\"><img loading=\"lazy\" decoding=\"async\" class=\"aligncenter size-medium wp-image-69078\" src=\"http:\/\/www.sudoestehoje.com.br\/novoportal\/wp-content\/uploads\/2017\/11\/PREF-REMANSO-500x403.jpg\" alt=\"\" width=\"500\" height=\"403\" srcset=\"https:\/\/www.sudoestehoje.com.br\/novoportal\/wp-content\/uploads\/2017\/11\/PREF-REMANSO-500x403.jpg 500w, https:\/\/www.sudoestehoje.com.br\/novoportal\/wp-content\/uploads\/2017\/11\/PREF-REMANSO-768x619.jpg 768w, https:\/\/www.sudoestehoje.com.br\/novoportal\/wp-content\/uploads\/2017\/11\/PREF-REMANSO-700x564.jpg 700w, https:\/\/www.sudoestehoje.com.br\/novoportal\/wp-content\/uploads\/2017\/11\/PREF-REMANSO.jpg 800w\" sizes=\"auto, (max-width: 500px) 100vw, 500px\" \/><\/a><\/p>\n<p class=\"bodytext\">Seis vereadores, um ex-prefeito, um empres\u00e1rio, ex-vereadores e servidores p\u00fablicos foram presos no interior da Bahia na Opera\u00e7\u00e3o Carro Fantasma, deflagrada nesta ter\u00e7a-feira (21) pelo Minist\u00e9rio P\u00fablico da Bahia. A opera\u00e7\u00e3o teve como alvo um esquema de corrup\u00e7\u00e3o na prefeitura do munic\u00edpio de Remanso, no Vale de S\u00e3o Francisco.<\/p>\n<p class=\"bodytext\">Foram presos o ex-prefeito do Munic\u00edpio de Remanso, Celso Silva e Souza (PT), o seu irm\u00e3o e ex-secret\u00e1rio de Administra\u00e7\u00e3o e Finan\u00e7as Arismar Silva e Souza, seis vereadores, incluindo o presidente da C\u00e2mara de Vereadores, C\u00e2ndido Francelino de Almeida, al\u00e9m de ex-vereadores, servidores p\u00fablicos e um empres\u00e1rio. Ao todo, foram cumpridos 12 mandados de pris\u00e3o preventiva, seis de condu\u00e7\u00e3o coercitiva e 18 de busca e apreens\u00e3o.\u00a0<span style=\"color: #0000ff;\"><strong><a style=\"color: #0000ff;\" href=\"http:\/\/www.correio24horas.com.br\/noticia\/nid\/vereadores-ex-prefeito-e-empresario-sao-presos-por-desviar-r-13-milhoes-na-bahia\/\">Veja mat\u00e9ria completa no Correio 24horas<\/a><\/strong><\/span><\/p>\n","protected":false},"excerpt":{"rendered":"<p>Seis vereadores, um ex-prefeito, um empres\u00e1rio, ex-vereadores e servidores p\u00fablicos foram presos no interior da Bahia na Opera\u00e7\u00e3o Carro Fantasma, deflagrada nesta ter\u00e7a-feira (21) pelo Minist\u00e9rio P\u00fablico da Bahia. A opera\u00e7\u00e3o teve como alvo um esquema de corrup\u00e7\u00e3o na prefeitura do munic\u00edpio de Remanso, no Vale de S\u00e3o Francisco. Foram presos o ex-prefeito do Munic\u00edpio [&hellip;]<\/p>\n","protected":false},"author":2,"featured_media":69078,"comment_status":"open","ping_status":"open","sticky":false,"template":"","format":"standard","meta":{"footnotes":"","_links_to":"","_links_to_target":""},"categories":[1],"tags":[],"class_list":["post-69076","post","type-post","status-publish","format-standard","has-post-thumbnail","hentry","category-geral"],"views":1537,"_links":{"self":[{"href":"https:\/\/www.sudoestehoje.com.br\/novoportal\/wp-json\/wp\/v2\/posts\/69076","targetHints":{"allow":["GET"]}}],"collection":[{"href":"https:\/\/www.sudoestehoje.com.br\/novoportal\/wp-json\/wp\/v2\/posts"}],"about":[{"href":"https:\/\/www.sudoestehoje.com.br\/novoportal\/wp-json\/wp\/v2\/types\/post"}],"author":[{"embeddable":true,"href":"https:\/\/www.sudoestehoje.com.br\/novoportal\/wp-json\/wp\/v2\/users\/2"}],"replies":[{"embeddable":true,"href":"https:\/\/www.sudoestehoje.com.br\/novoportal\/wp-json\/wp\/v2\/comments?post=69076"}],"version-history":[{"count":2,"href":"https:\/\/www.sudoestehoje.com.br\/novoportal\/wp-json\/wp\/v2\/posts\/69076\/revisions"}],"predecessor-version":[{"id":69079,"href":"https:\/\/www.sudoestehoje.com.br\/novoportal\/wp-json\/wp\/v2\/posts\/69076\/revisions\/69079"}],"wp:featuredmedia":[{"embeddable":true,"href":"https:\/\/www.sudoestehoje.com.br\/novoportal\/wp-json\/wp\/v2\/media\/69078"}],"wp:attachment":[{"href":"https:\/\/www.sudoestehoje.com.br\/novoportal\/wp-json\/wp\/v2\/media?parent=69076"}],"wp:term":[{"taxonomy":"category","embeddable":true,"href":"https:\/\/www.sudoestehoje.com.br\/novoportal\/wp-json\/wp\/v2\/categories?post=69076"},{"taxonomy":"post_tag","embeddable":true,"href":"https:\/\/www.sudoestehoje.com.br\/novoportal\/wp-json\/wp\/v2\/tags?post=69076"}],"curies":[{"name":"wp","href":"https:\/\/api.w.org\/{rel}","templated":true}]}}