
{"id":69067,"date":"2017-11-21T17:25:51","date_gmt":"2017-11-21T20:25:51","guid":{"rendered":"http:\/\/www.sudoestehoje.com.br\/novoportal\/?p=69067"},"modified":"2017-11-21T17:25:51","modified_gmt":"2017-11-21T20:25:51","slug":"justica-eleitoral-proibe-propaganda-do-pt-que-relaciona-acm-neto-a-geddel","status":"publish","type":"post","link":"https:\/\/www.sudoestehoje.com.br\/novoportal\/2017\/11\/21\/justica-eleitoral-proibe-propaganda-do-pt-que-relaciona-acm-neto-a-geddel\/","title":{"rendered":"JUSTI\u00c7A ELEITORAL PRO\u00cdBE PROPAGANDA DO PT QUE RELACIONA ACM NETO A GEDDEL"},"content":{"rendered":"<p><a href=\"http:\/\/www.sudoestehoje.com.br\/novoportal\/wp-content\/uploads\/2017\/11\/NETO-E-GEDDEL.jpg\"><img loading=\"lazy\" decoding=\"async\" class=\"aligncenter size-medium wp-image-69068\" src=\"http:\/\/www.sudoestehoje.com.br\/novoportal\/wp-content\/uploads\/2017\/11\/NETO-E-GEDDEL-500x281.jpg\" alt=\"\" width=\"500\" height=\"281\" srcset=\"https:\/\/www.sudoestehoje.com.br\/novoportal\/wp-content\/uploads\/2017\/11\/NETO-E-GEDDEL-500x281.jpg 500w, https:\/\/www.sudoestehoje.com.br\/novoportal\/wp-content\/uploads\/2017\/11\/NETO-E-GEDDEL-768x431.jpg 768w, https:\/\/www.sudoestehoje.com.br\/novoportal\/wp-content\/uploads\/2017\/11\/NETO-E-GEDDEL-700x393.jpg 700w, https:\/\/www.sudoestehoje.com.br\/novoportal\/wp-content\/uploads\/2017\/11\/NETO-E-GEDDEL.jpg 890w\" sizes=\"auto, (max-width: 500px) 100vw, 500px\" \/><\/a><\/p>\n<p>O juiz corregedor do Tribunal Regional Eleitoral (TRE), F\u00e1bio Alexsandro Costa Bastos, concedeu uma liminar nesta segunda-feira (20) proibindo o PT de veicular propaganda ligando o nome do prefeito ACM Neto (DEM) ao do ex-ministro Geddel Vieira Lima (PMDB) e tamb\u00e9m colocando o gestor como um dos respons\u00e1veis pela n\u00e3o libera\u00e7\u00e3o de recursos do governo federal para a administra\u00e7\u00e3o estadual.<\/p>\n<p>\u201c\u00c9 que a propaganda partid\u00e1ria gratuita s\u00f3 pode ser realizada com o escopo de difundir a ideologia partid\u00e1ria, transmitir mensagens aos filiados, divulgar a posi\u00e7\u00e3o do partido em rela\u00e7\u00e3o a temas pol\u00edtico-comunit\u00e1rios e promover\/divulgar a participa\u00e7\u00e3o pol\u00edtica feminina\u201d, escreveu o juiz.<\/p>\n<p>\u201cNa minha compreens\u00e3o inicial, a publicidade se desgarra, por completo, das normais constitucionais e legais que amparam a honra e a imagem das pessoas\u201d, completou, e estipulou uma multa de R$ 5 mil ao partido, por dia, em caso de descumprimento da decis\u00e3o.<\/p>\n<p>O advogado Ademir Ismerim disse que a decis\u00e3o do juiz \u00e9 pedag\u00f3gica. \u201cEstes fatos mentirosos com o intuito de enganar os eleitores n\u00e3o ser\u00e3o tolerados durante a campanha eleitoral\u201d, acrescentou. Ismerim disse ainda que a propaganda foi feita para \u201ccriar artificialmente na opini\u00e3o p\u00fablica uma falsa imagem envolvendo o prefeito ACM Neto\u201d. \u201cA Justi\u00e7a foi restabelecida agora. O PT e todos os partidos v\u00e3o ter que se enquadrar na legisla\u00e7\u00e3o.\u201d<\/p>\n","protected":false},"excerpt":{"rendered":"<p>O juiz corregedor do Tribunal Regional Eleitoral (TRE), F\u00e1bio Alexsandro Costa Bastos, concedeu uma liminar nesta segunda-feira (20) proibindo o PT de veicular propaganda ligando o nome do prefeito ACM Neto (DEM) ao do ex-ministro Geddel Vieira Lima (PMDB) e tamb\u00e9m colocando o gestor como um dos respons\u00e1veis pela n\u00e3o libera\u00e7\u00e3o de recursos do governo [&hellip;]<\/p>\n","protected":false},"author":2,"featured_media":69068,"comment_status":"open","ping_status":"open","sticky":false,"template":"","format":"standard","meta":{"footnotes":"","_links_to":"","_links_to_target":""},"categories":[1],"tags":[],"class_list":["post-69067","post","type-post","status-publish","format-standard","has-post-thumbnail","hentry","category-geral"],"views":1419,"_links":{"self":[{"href":"https:\/\/www.sudoestehoje.com.br\/novoportal\/wp-json\/wp\/v2\/posts\/69067","targetHints":{"allow":["GET"]}}],"collection":[{"href":"https:\/\/www.sudoestehoje.com.br\/novoportal\/wp-json\/wp\/v2\/posts"}],"about":[{"href":"https:\/\/www.sudoestehoje.com.br\/novoportal\/wp-json\/wp\/v2\/types\/post"}],"author":[{"embeddable":true,"href":"https:\/\/www.sudoestehoje.com.br\/novoportal\/wp-json\/wp\/v2\/users\/2"}],"replies":[{"embeddable":true,"href":"https:\/\/www.sudoestehoje.com.br\/novoportal\/wp-json\/wp\/v2\/comments?post=69067"}],"version-history":[{"count":3,"href":"https:\/\/www.sudoestehoje.com.br\/novoportal\/wp-json\/wp\/v2\/posts\/69067\/revisions"}],"predecessor-version":[{"id":69071,"href":"https:\/\/www.sudoestehoje.com.br\/novoportal\/wp-json\/wp\/v2\/posts\/69067\/revisions\/69071"}],"wp:featuredmedia":[{"embeddable":true,"href":"https:\/\/www.sudoestehoje.com.br\/novoportal\/wp-json\/wp\/v2\/media\/69068"}],"wp:attachment":[{"href":"https:\/\/www.sudoestehoje.com.br\/novoportal\/wp-json\/wp\/v2\/media?parent=69067"}],"wp:term":[{"taxonomy":"category","embeddable":true,"href":"https:\/\/www.sudoestehoje.com.br\/novoportal\/wp-json\/wp\/v2\/categories?post=69067"},{"taxonomy":"post_tag","embeddable":true,"href":"https:\/\/www.sudoestehoje.com.br\/novoportal\/wp-json\/wp\/v2\/tags?post=69067"}],"curies":[{"name":"wp","href":"https:\/\/api.w.org\/{rel}","templated":true}]}}