
{"id":69031,"date":"2017-11-17T21:35:51","date_gmt":"2017-11-18T00:35:51","guid":{"rendered":"http:\/\/www.sudoestehoje.com.br\/novoportal\/?p=69031"},"modified":"2017-11-17T21:35:51","modified_gmt":"2017-11-18T00:35:51","slug":"governo-vai-proibir-abertura-de-novos-cursos-de-medicina-por-5-anos","status":"publish","type":"post","link":"https:\/\/www.sudoestehoje.com.br\/novoportal\/2017\/11\/17\/governo-vai-proibir-abertura-de-novos-cursos-de-medicina-por-5-anos\/","title":{"rendered":"GOVERNO VAI PROIBIR ABERTURA DE NOVOS CURSOS DE MEDICINA POR 5 ANOS"},"content":{"rendered":"<p><a href=\"http:\/\/www.sudoestehoje.com.br\/novoportal\/wp-content\/uploads\/2017\/11\/medicina-5269918.jpg\"><img loading=\"lazy\" decoding=\"async\" class=\"aligncenter size-medium wp-image-69032\" src=\"http:\/\/www.sudoestehoje.com.br\/novoportal\/wp-content\/uploads\/2017\/11\/medicina-5269918-500x288.jpg\" alt=\"\" width=\"500\" height=\"288\" srcset=\"https:\/\/www.sudoestehoje.com.br\/novoportal\/wp-content\/uploads\/2017\/11\/medicina-5269918-500x288.jpg 500w, https:\/\/www.sudoestehoje.com.br\/novoportal\/wp-content\/uploads\/2017\/11\/medicina-5269918-768x442.jpg 768w, https:\/\/www.sudoestehoje.com.br\/novoportal\/wp-content\/uploads\/2017\/11\/medicina-5269918-700x403.jpg 700w, https:\/\/www.sudoestehoje.com.br\/novoportal\/wp-content\/uploads\/2017\/11\/medicina-5269918.jpg 1564w\" sizes=\"auto, (max-width: 500px) 100vw, 500px\" \/><\/a><\/p>\n<p>O presidente Michel Temer (PMDB) vai assinar, nos pr\u00f3ximos dias, um decreto que pro\u00edbe a abertura de novos cursos de medicina no pa\u00eds.<\/p>\n<p>Segundo a colunista M\u00f4nica Bergamo, do jornal Folha de S. Paulo, o prazo ser\u00e1 de cinco anos.<\/p>\n<p>\u201cH\u00e1 um clamor dos profissionais de medicina para que se suspenda por um per\u00edodo determinado a abertura de novas faculdades, em nome da preserva\u00e7\u00e3o da qualidade do ensino\u201d, disse o ministro da Educa\u00e7\u00e3o, Mendon\u00e7a Filho (DEM), em entrevista \u00e0 publica\u00e7\u00e3o.<\/p>\n<p>De acordo com o ministro, dois editais,\u00a0lan\u00e7ados ainda no governo de Dilma Rousseff (PT), para a abertura de novos cursos\u00a0ser\u00e3o conclu\u00eddos.<\/p>\n","protected":false},"excerpt":{"rendered":"<p>O presidente Michel Temer (PMDB) vai assinar, nos pr\u00f3ximos dias, um decreto que pro\u00edbe a abertura de novos cursos de medicina no pa\u00eds. Segundo a colunista M\u00f4nica Bergamo, do jornal Folha de S. Paulo, o prazo ser\u00e1 de cinco anos. \u201cH\u00e1 um clamor dos profissionais de medicina para que se suspenda por um per\u00edodo determinado [&hellip;]<\/p>\n","protected":false},"author":2,"featured_media":69032,"comment_status":"open","ping_status":"open","sticky":false,"template":"","format":"standard","meta":{"footnotes":"","_links_to":"","_links_to_target":""},"categories":[1],"tags":[],"class_list":["post-69031","post","type-post","status-publish","format-standard","has-post-thumbnail","hentry","category-geral"],"views":1193,"_links":{"self":[{"href":"https:\/\/www.sudoestehoje.com.br\/novoportal\/wp-json\/wp\/v2\/posts\/69031","targetHints":{"allow":["GET"]}}],"collection":[{"href":"https:\/\/www.sudoestehoje.com.br\/novoportal\/wp-json\/wp\/v2\/posts"}],"about":[{"href":"https:\/\/www.sudoestehoje.com.br\/novoportal\/wp-json\/wp\/v2\/types\/post"}],"author":[{"embeddable":true,"href":"https:\/\/www.sudoestehoje.com.br\/novoportal\/wp-json\/wp\/v2\/users\/2"}],"replies":[{"embeddable":true,"href":"https:\/\/www.sudoestehoje.com.br\/novoportal\/wp-json\/wp\/v2\/comments?post=69031"}],"version-history":[{"count":1,"href":"https:\/\/www.sudoestehoje.com.br\/novoportal\/wp-json\/wp\/v2\/posts\/69031\/revisions"}],"predecessor-version":[{"id":69033,"href":"https:\/\/www.sudoestehoje.com.br\/novoportal\/wp-json\/wp\/v2\/posts\/69031\/revisions\/69033"}],"wp:featuredmedia":[{"embeddable":true,"href":"https:\/\/www.sudoestehoje.com.br\/novoportal\/wp-json\/wp\/v2\/media\/69032"}],"wp:attachment":[{"href":"https:\/\/www.sudoestehoje.com.br\/novoportal\/wp-json\/wp\/v2\/media?parent=69031"}],"wp:term":[{"taxonomy":"category","embeddable":true,"href":"https:\/\/www.sudoestehoje.com.br\/novoportal\/wp-json\/wp\/v2\/categories?post=69031"},{"taxonomy":"post_tag","embeddable":true,"href":"https:\/\/www.sudoestehoje.com.br\/novoportal\/wp-json\/wp\/v2\/tags?post=69031"}],"curies":[{"name":"wp","href":"https:\/\/api.w.org\/{rel}","templated":true}]}}