
{"id":6903,"date":"2011-07-22T10:53:28","date_gmt":"2011-07-22T13:53:28","guid":{"rendered":"http:\/\/www.sudoestehoje.com.br\/novoportal\/?p=6903"},"modified":"2011-07-22T10:53:28","modified_gmt":"2011-07-22T13:53:28","slug":"o-dilema-dos-servidores-municipais","status":"publish","type":"post","link":"https:\/\/www.sudoestehoje.com.br\/novoportal\/2011\/07\/22\/o-dilema-dos-servidores-municipais\/","title":{"rendered":"O DILEMA DOS SERVIDORES MUNICIPAIS"},"content":{"rendered":"<p style=\"text-align: center;\"><img loading=\"lazy\" decoding=\"async\" class=\"aligncenter\" src=\"http:\/\/adubandoavida.files.wordpress.com\/2008\/07\/vergonha.jpg?w=225&amp;h=300\" alt=\"\" width=\"225\" height=\"300\" \/><\/p>\n<p style=\"text-align: center;\"><em><strong>Tem gente precisando tomar um gole desta&#8230;<\/strong><\/em><\/p>\n<p>\u00a0<\/p>\n<p>ITAPETINGA: Impedidos de fazer as\u00a0suas compras nos supermercados conveniados pela prefeitura, devido ao atraso nos repasses do valores j\u00e1 descontados na folha de pagamento, os servidores municipais seguem passando vergonha e constrangimento nos caixas dos supermercados. Vejam este coment\u00e1rio de um servidor revoltado:<\/p>\n<p><em>&#8220;Bom dia. <\/em><em>Quem j\u00e1 leu alguns coment\u00e1rios que postei aqui sabe que sou servidor municipal e, como muitos, tamb\u00e9m fa\u00e7o compras nos conv\u00eanios firmados entre a Prefeitura e Supermercados. Lendo os coment\u00e1rios aqui postados, me deparei com um que pede a ajuda de um advogado para processar quem nos fez passar essa vergonha. Acho que isso pode ser feito, n\u00e3o tenho conhecimento, mas a vergonha que minha esposa e eu passamos no supermercado foi terr\u00edvel, todos que estavam presentes ficaram nos olhando, como se n\u00f3s tiv\u00e9ssemos devendo alguma coisa, o que n\u00e3o era verdade.<\/em><\/p>\n<p><em>O Sr. Zen\u00f3bio est\u00e1 esculhambando e ningu\u00e9m faz nada. Alguns Secret\u00e1rios e Ouvidores est\u00e3o esculhambando e ningu\u00e9m faz nada. E n\u00f3s pobres eleitores? Que faremos?<\/em><\/p>\n<p><em>Fica aqui uma sugest\u00e3o, temos em nossa cidade algumas marchas que s\u00e3o sucesso de p\u00fablico, ent\u00e3o, escolhamos uma data e vamos fazer a nossa marcha contra a impunidade, contra a safadeza dos nossos administradores. Enquando alguns ganham muito e n\u00e3o precisam dos conv\u00eanios, n\u00f3s, que ganhamos pouco, iremos ficar sem a nossa feira? N\u00e3o sei o que iremos fazer, mas se vamos fazer alguma coisa, tem que sermos r\u00e1pidos.<\/em><\/p>\n<p><em>Davi, diante desse espa\u00e7o que voc\u00ea tem dado \u00e0s pessoas contr\u00e1rias as falcatruas dos nossos administradores, quero aqui, em nome dos servidores que foram constrangidos nos diversos supermercados pedir a sua ajuda, n\u00e3o como Blogueiro, mas como um Advogado, para nos dar orienta\u00e7\u00f5es e, quem sabe, nos representar junto a um processo contra n\u00e3o apenas ao Sr. Zen\u00f3bio, mas alguns funcion\u00e1rios dos Recursos Humanos, que sabiam o que iria acontecer e nada fizeram. Abrir tamb\u00e9m um processo contra o Sindicado dos Servidores, que est\u00e3o vendo tudo isso acontecer e nada est\u00e1 fazendo.<\/em><\/p>\n<p><em>Ent\u00e3o Davi, teria condi\u00e7\u00f5es de pegar a nossa causa ou ao menos nos orientar quanto a necessidade de abrir um processo contra os nossos \u201ccaloteiros\u201d??? Abra\u00e7os&#8221;<\/em><\/p>\n","protected":false},"excerpt":{"rendered":"<p>Tem gente precisando tomar um gole desta&#8230; \u00a0 ITAPETINGA: Impedidos de fazer as\u00a0suas compras nos supermercados conveniados pela prefeitura, devido ao atraso nos repasses do valores j\u00e1 descontados na folha de pagamento, os servidores municipais seguem passando vergonha e constrangimento nos caixas dos supermercados. Vejam este coment\u00e1rio de um servidor revoltado: &#8220;Bom dia. Quem j\u00e1 [&hellip;]<\/p>\n","protected":false},"author":2,"featured_media":0,"comment_status":"open","ping_status":"open","sticky":false,"template":"","format":"standard","meta":{"footnotes":"","_links_to":"","_links_to_target":""},"categories":[1],"tags":[],"class_list":["post-6903","post","type-post","status-publish","format-standard","hentry","category-geral"],"views":1172,"_links":{"self":[{"href":"https:\/\/www.sudoestehoje.com.br\/novoportal\/wp-json\/wp\/v2\/posts\/6903","targetHints":{"allow":["GET"]}}],"collection":[{"href":"https:\/\/www.sudoestehoje.com.br\/novoportal\/wp-json\/wp\/v2\/posts"}],"about":[{"href":"https:\/\/www.sudoestehoje.com.br\/novoportal\/wp-json\/wp\/v2\/types\/post"}],"author":[{"embeddable":true,"href":"https:\/\/www.sudoestehoje.com.br\/novoportal\/wp-json\/wp\/v2\/users\/2"}],"replies":[{"embeddable":true,"href":"https:\/\/www.sudoestehoje.com.br\/novoportal\/wp-json\/wp\/v2\/comments?post=6903"}],"version-history":[{"count":2,"href":"https:\/\/www.sudoestehoje.com.br\/novoportal\/wp-json\/wp\/v2\/posts\/6903\/revisions"}],"predecessor-version":[{"id":6905,"href":"https:\/\/www.sudoestehoje.com.br\/novoportal\/wp-json\/wp\/v2\/posts\/6903\/revisions\/6905"}],"wp:attachment":[{"href":"https:\/\/www.sudoestehoje.com.br\/novoportal\/wp-json\/wp\/v2\/media?parent=6903"}],"wp:term":[{"taxonomy":"category","embeddable":true,"href":"https:\/\/www.sudoestehoje.com.br\/novoportal\/wp-json\/wp\/v2\/categories?post=6903"},{"taxonomy":"post_tag","embeddable":true,"href":"https:\/\/www.sudoestehoje.com.br\/novoportal\/wp-json\/wp\/v2\/tags?post=6903"}],"curies":[{"name":"wp","href":"https:\/\/api.w.org\/{rel}","templated":true}]}}