
{"id":68989,"date":"2017-11-16T00:54:25","date_gmt":"2017-11-16T03:54:25","guid":{"rendered":"http:\/\/www.sudoestehoje.com.br\/novoportal\/?p=68989"},"modified":"2017-11-16T00:54:25","modified_gmt":"2017-11-16T03:54:25","slug":"joao-gilberto-e-interditado-por-filha-e-declarado-incapaz","status":"publish","type":"post","link":"https:\/\/www.sudoestehoje.com.br\/novoportal\/2017\/11\/16\/joao-gilberto-e-interditado-por-filha-e-declarado-incapaz\/","title":{"rendered":"JO\u00c3O GILBERTO \u00c9 INTERDITADO POR FILHA E DECLARADO INCAPAZ"},"content":{"rendered":"<p><a href=\"http:\/\/www.sudoestehoje.com.br\/novoportal\/wp-content\/uploads\/2017\/11\/jo\u00e3o-gilberto.jpeg\"><img loading=\"lazy\" decoding=\"async\" class=\"aligncenter size-medium wp-image-68990\" src=\"http:\/\/www.sudoestehoje.com.br\/novoportal\/wp-content\/uploads\/2017\/11\/jo\u00e3o-gilberto-500x309.jpeg\" alt=\"\" width=\"500\" height=\"309\" srcset=\"https:\/\/www.sudoestehoje.com.br\/novoportal\/wp-content\/uploads\/2017\/11\/jo\u00e3o-gilberto-500x309.jpeg 500w, https:\/\/www.sudoestehoje.com.br\/novoportal\/wp-content\/uploads\/2017\/11\/jo\u00e3o-gilberto.jpeg 650w\" sizes=\"auto, (max-width: 500px) 100vw, 500px\" \/><\/a><\/p>\n<p>Com 86 anos de idade completados em junho, o extraordin\u00e1rio cantor, violonista e compositor, Jo\u00e3o Gilberto encontra-se em estado de miserabilidade.\u00a0Pelo menos foi esta a alega\u00e7\u00e3o da filha Bebel Gilberto para conseguir na Justi\u00e7a a interdi\u00e7\u00e3o do pai.<\/p>\n<p>A medida impede o grande compositor brasileiro de administrar os seus bens, assinar contratos e fazer qualquer tipo de movimenta\u00e7\u00e3o financeira.\u00a0A mesma decis\u00e3o nomeou a pr\u00f3pria Bebel Gilberto como curadora do pai.<\/p>\n<p>Nos pr\u00f3ximos dias, Bebel dever\u00e1 comparecer ao cart\u00f3rio judicial para assinar o termo de compromisso da curatela e passar\u00e1 a ter legitimidade para administrar o patrim\u00f4nio de Jo\u00e3o Gilberto, ficando obrigada a cuidar dele, oferecendo tudo o que for necess\u00e1rio para uma vida decente.<\/p>\n<p>Jo\u00e3o Gilberto \u00e9 baiano de Juazeiro e considerado &#8220;o pai da Bossa Nova&#8221;.<\/p>\n","protected":false},"excerpt":{"rendered":"<p>Com 86 anos de idade completados em junho, o extraordin\u00e1rio cantor, violonista e compositor, Jo\u00e3o Gilberto encontra-se em estado de miserabilidade.\u00a0Pelo menos foi esta a alega\u00e7\u00e3o da filha Bebel Gilberto para conseguir na Justi\u00e7a a interdi\u00e7\u00e3o do pai. A medida impede o grande compositor brasileiro de administrar os seus bens, assinar contratos e fazer qualquer [&hellip;]<\/p>\n","protected":false},"author":2,"featured_media":68990,"comment_status":"open","ping_status":"open","sticky":false,"template":"","format":"standard","meta":{"footnotes":"","_links_to":"","_links_to_target":""},"categories":[1],"tags":[],"class_list":["post-68989","post","type-post","status-publish","format-standard","has-post-thumbnail","hentry","category-geral"],"views":1356,"_links":{"self":[{"href":"https:\/\/www.sudoestehoje.com.br\/novoportal\/wp-json\/wp\/v2\/posts\/68989","targetHints":{"allow":["GET"]}}],"collection":[{"href":"https:\/\/www.sudoestehoje.com.br\/novoportal\/wp-json\/wp\/v2\/posts"}],"about":[{"href":"https:\/\/www.sudoestehoje.com.br\/novoportal\/wp-json\/wp\/v2\/types\/post"}],"author":[{"embeddable":true,"href":"https:\/\/www.sudoestehoje.com.br\/novoportal\/wp-json\/wp\/v2\/users\/2"}],"replies":[{"embeddable":true,"href":"https:\/\/www.sudoestehoje.com.br\/novoportal\/wp-json\/wp\/v2\/comments?post=68989"}],"version-history":[{"count":2,"href":"https:\/\/www.sudoestehoje.com.br\/novoportal\/wp-json\/wp\/v2\/posts\/68989\/revisions"}],"predecessor-version":[{"id":68992,"href":"https:\/\/www.sudoestehoje.com.br\/novoportal\/wp-json\/wp\/v2\/posts\/68989\/revisions\/68992"}],"wp:featuredmedia":[{"embeddable":true,"href":"https:\/\/www.sudoestehoje.com.br\/novoportal\/wp-json\/wp\/v2\/media\/68990"}],"wp:attachment":[{"href":"https:\/\/www.sudoestehoje.com.br\/novoportal\/wp-json\/wp\/v2\/media?parent=68989"}],"wp:term":[{"taxonomy":"category","embeddable":true,"href":"https:\/\/www.sudoestehoje.com.br\/novoportal\/wp-json\/wp\/v2\/categories?post=68989"},{"taxonomy":"post_tag","embeddable":true,"href":"https:\/\/www.sudoestehoje.com.br\/novoportal\/wp-json\/wp\/v2\/tags?post=68989"}],"curies":[{"name":"wp","href":"https:\/\/api.w.org\/{rel}","templated":true}]}}