
{"id":68977,"date":"2017-11-15T19:59:50","date_gmt":"2017-11-15T22:59:50","guid":{"rendered":"http:\/\/www.sudoestehoje.com.br\/novoportal\/?p=68977"},"modified":"2017-11-15T21:11:45","modified_gmt":"2017-11-16T00:11:45","slug":"conquista-mulher-e-feita-refem-pelo-ex-marido-e-pula-janela-para-escapar","status":"publish","type":"post","link":"https:\/\/www.sudoestehoje.com.br\/novoportal\/2017\/11\/15\/conquista-mulher-e-feita-refem-pelo-ex-marido-e-pula-janela-para-escapar\/","title":{"rendered":"CONQUISTA: MULHER \u00c9 FEITA REF\u00c9M PELO EX-MARIDO E PULA JANELA PARA ESCAPAR"},"content":{"rendered":"<div class=\"mc-column content-text active-extra-styles active-capital-letter\" data-block-type=\"unstyled\" data-block-weight=\"41\" data-block-id=\"2\">\n<p class=\"content-text__container theme-color-primary-first-letter\" data-track-category=\"Link no Texto\" data-track-links=\"\"><a href=\"http:\/\/www.sudoestehoje.com.br\/novoportal\/wp-content\/uploads\/2017\/11\/REF\u00c9M.jpg\"><img loading=\"lazy\" decoding=\"async\" class=\"aligncenter size-medium wp-image-68979\" src=\"http:\/\/www.sudoestehoje.com.br\/novoportal\/wp-content\/uploads\/2017\/11\/REF\u00c9M-500x281.jpg\" alt=\"\" width=\"500\" height=\"281\" srcset=\"https:\/\/www.sudoestehoje.com.br\/novoportal\/wp-content\/uploads\/2017\/11\/REF\u00c9M-500x281.jpg 500w, https:\/\/www.sudoestehoje.com.br\/novoportal\/wp-content\/uploads\/2017\/11\/REF\u00c9M-768x432.jpg 768w, https:\/\/www.sudoestehoje.com.br\/novoportal\/wp-content\/uploads\/2017\/11\/REF\u00c9M-700x394.jpg 700w, https:\/\/www.sudoestehoje.com.br\/novoportal\/wp-content\/uploads\/2017\/11\/REF\u00c9M.jpg 1280w\" sizes=\"auto, (max-width: 500px) 100vw, 500px\" \/><\/a><\/p>\n<p class=\"content-text__container theme-color-primary-first-letter\" data-track-category=\"Link no Texto\" data-track-links=\"\">Um homem manteve a ex-mulher e as duas filhas, de 4 e 12 anos, ref\u00e9ns por pouco mais de duas horas dentro da casa da fam\u00edlia, nesta quarta-feira (15), no bairro Santa Cruz, em Vit\u00f3ria da Conquista, no sudoeste da Bahia.<\/p>\n<\/div>\n<div class=\"mc-column content-text active-extra-styles \" data-block-type=\"unstyled\" data-block-weight=\"32\" data-block-id=\"3\">\n<p class=\"content-text__container \" data-track-category=\"Link no Texto\" data-track-links=\"\">Segundo informou a Pol\u00edcia Militar, a situa\u00e7\u00e3o come\u00e7ou por volta das 15h, quando o homem invadiu a casa da ex-compaheira, por n\u00e3o aceitar o fim do casamento de mais de 20 anos.<\/p>\n<\/div>\n<div class=\"mc-column content-text active-extra-styles \" data-block-type=\"unstyled\" data-block-weight=\"49\" data-block-id=\"4\">\n<p class=\"content-text__container \" data-track-category=\"Link no Texto\" data-track-links=\"\">Ainda segundo a pol\u00edcia, com a chegada da guarni\u00e7\u00e3o da PM o homem decidiu liberar as duas filhas, mas manteve a ex-mulher ref\u00e9m e a amea\u00e7ou com uma faca. Depois de mais de duas horas, a mulher aproveitou um momento de descuido do ex-marido e conseguiu fugir pela janela. <strong><em>Confira v\u00eddeo:<\/em><\/strong><\/p>\n<p>https:\/\/www.youtube.com\/watch?time_continue=11&#038;v=cI8O4mV8c94<\/p>\n<\/div>\n<div class=\"mc-column content-text active-extra-styles \" data-block-type=\"unstyled\" data-block-weight=\"28\" data-block-id=\"5\">\n<p class=\"content-text__container \" data-track-category=\"Link no Texto\" data-track-links=\"\">Mesmo sem nenhum ref\u00e9m, o homem ainda nervoso, n\u00e3o se entregou, continuou dentro da casa e s\u00f3 deixou a resid\u00eancia por volta das 18h, ap\u00f3s negocia\u00e7\u00e3o da pol\u00edcia.<\/p>\n<\/div>\n<div data-track-category=\"fim do conteudo\" data-track-action=\"ultimo chunk conteudo\" data-track-noninteraction=\"false\" data-track-scroll=\"entrada completa viewport\">\n<div class=\"mc-column content-text active-extra-styles \" data-block-type=\"unstyled\" data-block-weight=\"18\" data-block-id=\"6\">\n<p class=\"content-text__container \" data-track-category=\"Link no Texto\" data-track-links=\"\">Ap\u00f3s se entregar, o homem foi apresentado no Distrito Integrado De Seguran\u00e7a P\u00fablica (Disep), em Vit\u00f3ria da Conquista.<\/p>\n<\/div>\n<\/div>\n","protected":false},"excerpt":{"rendered":"<p>Um homem manteve a ex-mulher e as duas filhas, de 4 e 12 anos, ref\u00e9ns por pouco mais de duas horas dentro da casa da fam\u00edlia, nesta quarta-feira (15), no bairro Santa Cruz, em Vit\u00f3ria da Conquista, no sudoeste da Bahia. Segundo informou a Pol\u00edcia Militar, a situa\u00e7\u00e3o come\u00e7ou por volta das 15h, quando o [&hellip;]<\/p>\n","protected":false},"author":2,"featured_media":68979,"comment_status":"open","ping_status":"open","sticky":false,"template":"","format":"standard","meta":{"footnotes":"","_links_to":"","_links_to_target":""},"categories":[1],"tags":[],"class_list":["post-68977","post","type-post","status-publish","format-standard","has-post-thumbnail","hentry","category-geral"],"views":1223,"_links":{"self":[{"href":"https:\/\/www.sudoestehoje.com.br\/novoportal\/wp-json\/wp\/v2\/posts\/68977","targetHints":{"allow":["GET"]}}],"collection":[{"href":"https:\/\/www.sudoestehoje.com.br\/novoportal\/wp-json\/wp\/v2\/posts"}],"about":[{"href":"https:\/\/www.sudoestehoje.com.br\/novoportal\/wp-json\/wp\/v2\/types\/post"}],"author":[{"embeddable":true,"href":"https:\/\/www.sudoestehoje.com.br\/novoportal\/wp-json\/wp\/v2\/users\/2"}],"replies":[{"embeddable":true,"href":"https:\/\/www.sudoestehoje.com.br\/novoportal\/wp-json\/wp\/v2\/comments?post=68977"}],"version-history":[{"count":4,"href":"https:\/\/www.sudoestehoje.com.br\/novoportal\/wp-json\/wp\/v2\/posts\/68977\/revisions"}],"predecessor-version":[{"id":68982,"href":"https:\/\/www.sudoestehoje.com.br\/novoportal\/wp-json\/wp\/v2\/posts\/68977\/revisions\/68982"}],"wp:featuredmedia":[{"embeddable":true,"href":"https:\/\/www.sudoestehoje.com.br\/novoportal\/wp-json\/wp\/v2\/media\/68979"}],"wp:attachment":[{"href":"https:\/\/www.sudoestehoje.com.br\/novoportal\/wp-json\/wp\/v2\/media?parent=68977"}],"wp:term":[{"taxonomy":"category","embeddable":true,"href":"https:\/\/www.sudoestehoje.com.br\/novoportal\/wp-json\/wp\/v2\/categories?post=68977"},{"taxonomy":"post_tag","embeddable":true,"href":"https:\/\/www.sudoestehoje.com.br\/novoportal\/wp-json\/wp\/v2\/tags?post=68977"}],"curies":[{"name":"wp","href":"https:\/\/api.w.org\/{rel}","templated":true}]}}