
{"id":68973,"date":"2017-11-14T20:07:49","date_gmt":"2017-11-14T23:07:49","guid":{"rendered":"http:\/\/www.sudoestehoje.com.br\/novoportal\/?p=68973"},"modified":"2017-11-14T20:07:49","modified_gmt":"2017-11-14T23:07:49","slug":"gabarito-do-enem-2017-e-divulgado-pelo-inep","status":"publish","type":"post","link":"https:\/\/www.sudoestehoje.com.br\/novoportal\/2017\/11\/14\/gabarito-do-enem-2017-e-divulgado-pelo-inep\/","title":{"rendered":"GABARITO DO ENEM 2017 \u00c9 DIVULGADO PELO INEP"},"content":{"rendered":"<p><a href=\"http:\/\/www.sudoestehoje.com.br\/novoportal\/wp-content\/uploads\/2017\/11\/GABARITO-ENEM.jpg\"><img loading=\"lazy\" decoding=\"async\" class=\"aligncenter size-medium wp-image-68975\" src=\"http:\/\/www.sudoestehoje.com.br\/novoportal\/wp-content\/uploads\/2017\/11\/GABARITO-ENEM-500x272.jpg\" alt=\"\" width=\"500\" height=\"272\" srcset=\"https:\/\/www.sudoestehoje.com.br\/novoportal\/wp-content\/uploads\/2017\/11\/GABARITO-ENEM-500x272.jpg 500w, https:\/\/www.sudoestehoje.com.br\/novoportal\/wp-content\/uploads\/2017\/11\/GABARITO-ENEM.jpg 516w\" sizes=\"auto, (max-width: 500px) 100vw, 500px\" \/><\/a><\/p>\n<p>O Instituto Nacional de Estudos e Pesquisas Educacionais An\u00edsio Teixeira (Inep) divulgou nesta ter\u00e7a (14) o gabarito oficial do Exame Nacional do Ensino M\u00e9dio (Enem). Os gabaritos dos dois dias de provas podem ser conferidos\u00a0<span style=\"color: #0000ff;\"><strong><a style=\"color: #0000ff;\" href=\"https:\/\/enem.inep.gov.br\/#\/depois?_k=vrrtcj\">aqui<\/a><\/strong>.<\/span><\/p>\n<p>Com o gabarito, o estudante saber\u00e1 quantas quest\u00f5es ele acertou, por\u00e9m, as notas s\u00f3 ser\u00e3o divulgadas no dia 19 de janeiro, segundo o Minist\u00e9rio da Educa\u00e7\u00e3o. A Teoria de Resposta ao Item (TRI) permite que um mesmo n\u00famero de acertos gere notas diferentes, pois as quest\u00f5es t\u00eam pesos diferentes.<\/p>\n<p>O Enem foi aplicado em todo o Brasil nos \u00faltimos dias 5 e 12 de novembro.<\/p>\n","protected":false},"excerpt":{"rendered":"<p>O Instituto Nacional de Estudos e Pesquisas Educacionais An\u00edsio Teixeira (Inep) divulgou nesta ter\u00e7a (14) o gabarito oficial do Exame Nacional do Ensino M\u00e9dio (Enem). Os gabaritos dos dois dias de provas podem ser conferidos\u00a0aqui. Com o gabarito, o estudante saber\u00e1 quantas quest\u00f5es ele acertou, por\u00e9m, as notas s\u00f3 ser\u00e3o divulgadas no dia 19 de [&hellip;]<\/p>\n","protected":false},"author":2,"featured_media":68975,"comment_status":"open","ping_status":"open","sticky":false,"template":"","format":"standard","meta":{"footnotes":"","_links_to":"","_links_to_target":""},"categories":[1],"tags":[],"class_list":["post-68973","post","type-post","status-publish","format-standard","has-post-thumbnail","hentry","category-geral"],"views":1198,"_links":{"self":[{"href":"https:\/\/www.sudoestehoje.com.br\/novoportal\/wp-json\/wp\/v2\/posts\/68973","targetHints":{"allow":["GET"]}}],"collection":[{"href":"https:\/\/www.sudoestehoje.com.br\/novoportal\/wp-json\/wp\/v2\/posts"}],"about":[{"href":"https:\/\/www.sudoestehoje.com.br\/novoportal\/wp-json\/wp\/v2\/types\/post"}],"author":[{"embeddable":true,"href":"https:\/\/www.sudoestehoje.com.br\/novoportal\/wp-json\/wp\/v2\/users\/2"}],"replies":[{"embeddable":true,"href":"https:\/\/www.sudoestehoje.com.br\/novoportal\/wp-json\/wp\/v2\/comments?post=68973"}],"version-history":[{"count":2,"href":"https:\/\/www.sudoestehoje.com.br\/novoportal\/wp-json\/wp\/v2\/posts\/68973\/revisions"}],"predecessor-version":[{"id":68976,"href":"https:\/\/www.sudoestehoje.com.br\/novoportal\/wp-json\/wp\/v2\/posts\/68973\/revisions\/68976"}],"wp:featuredmedia":[{"embeddable":true,"href":"https:\/\/www.sudoestehoje.com.br\/novoportal\/wp-json\/wp\/v2\/media\/68975"}],"wp:attachment":[{"href":"https:\/\/www.sudoestehoje.com.br\/novoportal\/wp-json\/wp\/v2\/media?parent=68973"}],"wp:term":[{"taxonomy":"category","embeddable":true,"href":"https:\/\/www.sudoestehoje.com.br\/novoportal\/wp-json\/wp\/v2\/categories?post=68973"},{"taxonomy":"post_tag","embeddable":true,"href":"https:\/\/www.sudoestehoje.com.br\/novoportal\/wp-json\/wp\/v2\/tags?post=68973"}],"curies":[{"name":"wp","href":"https:\/\/api.w.org\/{rel}","templated":true}]}}