
{"id":6896,"date":"2011-07-22T09:28:34","date_gmt":"2011-07-22T12:28:34","guid":{"rendered":"http:\/\/www.sudoestehoje.com.br\/novoportal\/?p=6896"},"modified":"2011-07-22T09:28:34","modified_gmt":"2011-07-22T12:28:34","slug":"construtora-quebra-e-deixa-obras-do-minha-casa-inacabadas","status":"publish","type":"post","link":"https:\/\/www.sudoestehoje.com.br\/novoportal\/2011\/07\/22\/construtora-quebra-e-deixa-obras-do-minha-casa-inacabadas\/","title":{"rendered":"CONSTRUTORA QUEBRA E DEIXA OBRAS DO &#8216;MINHA CASA&#8217; INACABADAS"},"content":{"rendered":"<p style=\"text-align: center;\"><img loading=\"lazy\" decoding=\"async\" class=\"aligncenter\" src=\"http:\/\/genteemercado.com.br\/wp-content\/uploads\/2011\/07\/R-Carvalho.jpg\" alt=\"\" width=\"361\" height=\"263\" \/><\/p>\n<p style=\"text-align: center;\"><em><strong>Obras do &#8216;Minha Casa&#8217; foram interrompidas<\/strong><\/em><\/p>\n<p>\u00a0<\/p>\n<p>Os funcion\u00e1rios da construtora R Carvalho nas cidades de Barreiras e Feira de Santana v\u00e3o ser demitidos. A decis\u00e3o foi tomada em reuni\u00e3o realizada quarta-feira (20), em Feira de Santana, na sede do Minist\u00e9rio P\u00fablico do Trabalho. S\u00e3o cerca de 230 em Barreiras e 5.200 em Feira e todos estavam sem receber sal\u00e1rios.<\/p>\n<p>Participaram da reuni\u00e3o os representantes da empresa R Carvalho, do Sindicato e da Federa\u00e7\u00e3o da Constru\u00e7\u00e3o Civil. Mais de dez mil im\u00f3veis da construtora est\u00e3o inacabados, entre eles v\u00e1rios do programa Minha Casa, Minha Vida.<\/p>\n<p>Ficou acertado que a empresa vai liberar o FGTS e o seguro-desemprego dos funcion\u00e1rios. Uma reuni\u00e3o no final do m\u00eas vai definir a data do pagamento das rescis\u00f5es, que chegam a cerca de R$ 21 milh\u00f5es. Al\u00e9m disso, a empresa ter\u00e1 que pagar os sal\u00e1rios atrasados at\u00e9 sexta-feira (22).\u00a0A empresa parou as obras nas duas cidades desde o\u00a0dia 8 deste m\u00eas\u00a0alegando problemas financeiros. Com a demiss\u00e3o, o prazo para a retomada das obras est\u00e1 indefinido. G1<\/p>\n<div><\/div>\n","protected":false},"excerpt":{"rendered":"<p>Obras do &#8216;Minha Casa&#8217; foram interrompidas \u00a0 Os funcion\u00e1rios da construtora R Carvalho nas cidades de Barreiras e Feira de Santana v\u00e3o ser demitidos. A decis\u00e3o foi tomada em reuni\u00e3o realizada quarta-feira (20), em Feira de Santana, na sede do Minist\u00e9rio P\u00fablico do Trabalho. S\u00e3o cerca de 230 em Barreiras e 5.200 em Feira e [&hellip;]<\/p>\n","protected":false},"author":2,"featured_media":0,"comment_status":"open","ping_status":"open","sticky":false,"template":"","format":"standard","meta":{"footnotes":"","_links_to":"","_links_to_target":""},"categories":[1],"tags":[],"class_list":["post-6896","post","type-post","status-publish","format-standard","hentry","category-geral"],"views":1262,"_links":{"self":[{"href":"https:\/\/www.sudoestehoje.com.br\/novoportal\/wp-json\/wp\/v2\/posts\/6896","targetHints":{"allow":["GET"]}}],"collection":[{"href":"https:\/\/www.sudoestehoje.com.br\/novoportal\/wp-json\/wp\/v2\/posts"}],"about":[{"href":"https:\/\/www.sudoestehoje.com.br\/novoportal\/wp-json\/wp\/v2\/types\/post"}],"author":[{"embeddable":true,"href":"https:\/\/www.sudoestehoje.com.br\/novoportal\/wp-json\/wp\/v2\/users\/2"}],"replies":[{"embeddable":true,"href":"https:\/\/www.sudoestehoje.com.br\/novoportal\/wp-json\/wp\/v2\/comments?post=6896"}],"version-history":[{"count":3,"href":"https:\/\/www.sudoestehoje.com.br\/novoportal\/wp-json\/wp\/v2\/posts\/6896\/revisions"}],"predecessor-version":[{"id":6899,"href":"https:\/\/www.sudoestehoje.com.br\/novoportal\/wp-json\/wp\/v2\/posts\/6896\/revisions\/6899"}],"wp:attachment":[{"href":"https:\/\/www.sudoestehoje.com.br\/novoportal\/wp-json\/wp\/v2\/media?parent=6896"}],"wp:term":[{"taxonomy":"category","embeddable":true,"href":"https:\/\/www.sudoestehoje.com.br\/novoportal\/wp-json\/wp\/v2\/categories?post=6896"},{"taxonomy":"post_tag","embeddable":true,"href":"https:\/\/www.sudoestehoje.com.br\/novoportal\/wp-json\/wp\/v2\/tags?post=6896"}],"curies":[{"name":"wp","href":"https:\/\/api.w.org\/{rel}","templated":true}]}}