
{"id":68959,"date":"2017-11-13T23:21:50","date_gmt":"2017-11-14T02:21:50","guid":{"rendered":"http:\/\/www.sudoestehoje.com.br\/novoportal\/?p=68959"},"modified":"2017-11-13T23:21:50","modified_gmt":"2017-11-14T02:21:50","slug":"prefeitos-afastados-usarao-tornozeleiras","status":"publish","type":"post","link":"https:\/\/www.sudoestehoje.com.br\/novoportal\/2017\/11\/13\/prefeitos-afastados-usarao-tornozeleiras\/","title":{"rendered":"PREFEITOS AFASTADOS USAR\u00c3O TORNOZELEIRAS"},"content":{"rendered":"<p><a href=\"http:\/\/www.sudoestehoje.com.br\/novoportal\/wp-content\/uploads\/2017\/11\/TORNOZELEIRAS.jpg\"><img loading=\"lazy\" decoding=\"async\" class=\"aligncenter size-medium wp-image-68961\" src=\"http:\/\/www.sudoestehoje.com.br\/novoportal\/wp-content\/uploads\/2017\/11\/TORNOZELEIRAS-500x350.jpg\" alt=\"\" width=\"500\" height=\"350\" srcset=\"https:\/\/www.sudoestehoje.com.br\/novoportal\/wp-content\/uploads\/2017\/11\/TORNOZELEIRAS-500x350.jpg 500w, https:\/\/www.sudoestehoje.com.br\/novoportal\/wp-content\/uploads\/2017\/11\/TORNOZELEIRAS.jpg 600w\" sizes=\"auto, (max-width: 500px) 100vw, 500px\" \/><\/a><\/p>\n<p>Ap\u00f3s ter o\u00a0pedido de habeas\u00a0corpus negado pelo\u00a0Superior Tribunal de Justi\u00e7a (STJ),\u00a0os prefeitos afastados de Porto Seguro, Cl\u00e1udia Oliveira, e de Eun\u00e1polis, Rob\u00e9rio Oliveira, ambos do PSD, ter\u00e3o que usar tornozeleira eletr\u00f4nica.<\/p>\n<p>A decis\u00e3o foi aplicada pela\u00a0ju\u00edza Rog\u00e9ria Maria Castro, da 2\u00aa Se\u00e7\u00e3o do Tribunal Regional Federal da 1\u00aa Regi\u00e3o (TRF-1), na noite desta segunda-feira (13).<\/p>\n<p>A ju\u00edza determinou ainda que os dois devem comparecer em ju\u00edzo com periodicidade, para informar e justificar as atividades, al\u00e9m de ter a presen\u00e7a em determinados lugares restrita, para que n\u00e3o entrem em contato com investigados da a\u00e7\u00e3o.<\/p>\n<p>Segundo a ju\u00edza, as medidas substituem um pedido de pris\u00e3o preventiva, que s\u00f3 deveria ser perpetrado em caso de \u201csitua\u00e7\u00f5es extremas\u201d. A decis\u00e3o afirma ainda que de acordo com \u201ca forma com que os crimes foram cometidos\u201d, ficou demonstrado \u201co poder de influ\u00eancia nas prefeituras dos munic\u00edpios de Porto Seguro, Eun\u00e1polis e Santa Cruz de Cabr\u00e1lia\u201d por parte dos acusados.<\/p>\n<p>O prefeito e Santa Cruz Cabr\u00e1lia, Agnelo Santos, tamb\u00e9m do PSD e irm\u00e3o de Cl\u00e1udia, tamb\u00e9m dever\u00e1 obedecer as medidas impostas pela ju\u00edza.<\/p>\n","protected":false},"excerpt":{"rendered":"<p>Ap\u00f3s ter o\u00a0pedido de habeas\u00a0corpus negado pelo\u00a0Superior Tribunal de Justi\u00e7a (STJ),\u00a0os prefeitos afastados de Porto Seguro, Cl\u00e1udia Oliveira, e de Eun\u00e1polis, Rob\u00e9rio Oliveira, ambos do PSD, ter\u00e3o que usar tornozeleira eletr\u00f4nica. A decis\u00e3o foi aplicada pela\u00a0ju\u00edza Rog\u00e9ria Maria Castro, da 2\u00aa Se\u00e7\u00e3o do Tribunal Regional Federal da 1\u00aa Regi\u00e3o (TRF-1), na noite desta segunda-feira (13). [&hellip;]<\/p>\n","protected":false},"author":2,"featured_media":68961,"comment_status":"open","ping_status":"open","sticky":false,"template":"","format":"standard","meta":{"footnotes":"","_links_to":"","_links_to_target":""},"categories":[1],"tags":[],"class_list":["post-68959","post","type-post","status-publish","format-standard","has-post-thumbnail","hentry","category-geral"],"views":1097,"_links":{"self":[{"href":"https:\/\/www.sudoestehoje.com.br\/novoportal\/wp-json\/wp\/v2\/posts\/68959","targetHints":{"allow":["GET"]}}],"collection":[{"href":"https:\/\/www.sudoestehoje.com.br\/novoportal\/wp-json\/wp\/v2\/posts"}],"about":[{"href":"https:\/\/www.sudoestehoje.com.br\/novoportal\/wp-json\/wp\/v2\/types\/post"}],"author":[{"embeddable":true,"href":"https:\/\/www.sudoestehoje.com.br\/novoportal\/wp-json\/wp\/v2\/users\/2"}],"replies":[{"embeddable":true,"href":"https:\/\/www.sudoestehoje.com.br\/novoportal\/wp-json\/wp\/v2\/comments?post=68959"}],"version-history":[{"count":2,"href":"https:\/\/www.sudoestehoje.com.br\/novoportal\/wp-json\/wp\/v2\/posts\/68959\/revisions"}],"predecessor-version":[{"id":68962,"href":"https:\/\/www.sudoestehoje.com.br\/novoportal\/wp-json\/wp\/v2\/posts\/68959\/revisions\/68962"}],"wp:featuredmedia":[{"embeddable":true,"href":"https:\/\/www.sudoestehoje.com.br\/novoportal\/wp-json\/wp\/v2\/media\/68961"}],"wp:attachment":[{"href":"https:\/\/www.sudoestehoje.com.br\/novoportal\/wp-json\/wp\/v2\/media?parent=68959"}],"wp:term":[{"taxonomy":"category","embeddable":true,"href":"https:\/\/www.sudoestehoje.com.br\/novoportal\/wp-json\/wp\/v2\/categories?post=68959"},{"taxonomy":"post_tag","embeddable":true,"href":"https:\/\/www.sudoestehoje.com.br\/novoportal\/wp-json\/wp\/v2\/tags?post=68959"}],"curies":[{"name":"wp","href":"https:\/\/api.w.org\/{rel}","templated":true}]}}