
{"id":68955,"date":"2017-11-13T21:43:58","date_gmt":"2017-11-14T00:43:58","guid":{"rendered":"http:\/\/www.sudoestehoje.com.br\/novoportal\/?p=68955"},"modified":"2017-11-13T21:43:58","modified_gmt":"2017-11-14T00:43:58","slug":"identificada-2a-vitima-de-ilheus-em-acidente-com-onibus-de-sacoleiros","status":"publish","type":"post","link":"https:\/\/www.sudoestehoje.com.br\/novoportal\/2017\/11\/13\/identificada-2a-vitima-de-ilheus-em-acidente-com-onibus-de-sacoleiros\/","title":{"rendered":"IDENTIFICADA 2\u00aa V\u00cdTIMA DE ILH\u00c9US EM ACIDENTE COM \u00d4NIBUS DE SACOLEIROS"},"content":{"rendered":"<p><a href=\"http:\/\/www.sudoestehoje.com.br\/novoportal\/wp-content\/uploads\/2017\/11\/Banco-da-Vit\u00f3ria-1.jpg\"><img loading=\"lazy\" decoding=\"async\" class=\"aligncenter size-medium wp-image-68956\" src=\"http:\/\/www.sudoestehoje.com.br\/novoportal\/wp-content\/uploads\/2017\/11\/Banco-da-Vit\u00f3ria-1-500x281.jpg\" alt=\"\" width=\"500\" height=\"281\" srcset=\"https:\/\/www.sudoestehoje.com.br\/novoportal\/wp-content\/uploads\/2017\/11\/Banco-da-Vit\u00f3ria-1-500x281.jpg 500w, https:\/\/www.sudoestehoje.com.br\/novoportal\/wp-content\/uploads\/2017\/11\/Banco-da-Vit\u00f3ria-1.jpg 555w\" sizes=\"auto, (max-width: 500px) 100vw, 500px\" \/><\/a><\/p>\n<p>Acenate Souza, 37 anos, mais conhecida como Naty, moradora da Avenida Esperan\u00e7a, \u00e9 a segunda v\u00edtima fatal de Ilh\u00e9us no\u00a0acidente ocorrido na manh\u00e3 deste domingo (12) na BR-381, em Brumadinho, Minas Gerais.<\/p>\n<p>Acenete seguia na excurs\u00e3o que saiu de Itabuna com destino ao estado de S\u00e3o Paulo. O ve\u00edculo transportava sacoleiros de Itabuna e regi\u00e3o.<\/p>\n<p>O \u00f4nibus tombou por volta das 9h50 na divisa com Igarap\u00e9, ap\u00f3s faltar freio. O corpo de Acenete j\u00e1 foi liberado do departamento de Pol\u00edcia T\u00e9cnica de Betim-MG e est\u00e1 com chegada prevista em Ilh\u00e9us no final da manh\u00e3 desta ter\u00e7a-feira (14).<\/p>\n<p>O clima \u00e9 de muita como\u00e7\u00e3o e tristeza na Avenida Esperan\u00e7a, bairro onde residia. O corpo ser\u00e1 sepultado no cemit\u00e9rio do Banco da Vit\u00f3ria em hor\u00e1rio ainda n\u00e3o definido pelos familiares.<\/p>\n","protected":false},"excerpt":{"rendered":"<p>Acenate Souza, 37 anos, mais conhecida como Naty, moradora da Avenida Esperan\u00e7a, \u00e9 a segunda v\u00edtima fatal de Ilh\u00e9us no\u00a0acidente ocorrido na manh\u00e3 deste domingo (12) na BR-381, em Brumadinho, Minas Gerais. Acenete seguia na excurs\u00e3o que saiu de Itabuna com destino ao estado de S\u00e3o Paulo. O ve\u00edculo transportava sacoleiros de Itabuna e regi\u00e3o. [&hellip;]<\/p>\n","protected":false},"author":2,"featured_media":68956,"comment_status":"open","ping_status":"open","sticky":false,"template":"","format":"standard","meta":{"footnotes":"","_links_to":"","_links_to_target":""},"categories":[1],"tags":[],"class_list":["post-68955","post","type-post","status-publish","format-standard","has-post-thumbnail","hentry","category-geral"],"views":1757,"_links":{"self":[{"href":"https:\/\/www.sudoestehoje.com.br\/novoportal\/wp-json\/wp\/v2\/posts\/68955","targetHints":{"allow":["GET"]}}],"collection":[{"href":"https:\/\/www.sudoestehoje.com.br\/novoportal\/wp-json\/wp\/v2\/posts"}],"about":[{"href":"https:\/\/www.sudoestehoje.com.br\/novoportal\/wp-json\/wp\/v2\/types\/post"}],"author":[{"embeddable":true,"href":"https:\/\/www.sudoestehoje.com.br\/novoportal\/wp-json\/wp\/v2\/users\/2"}],"replies":[{"embeddable":true,"href":"https:\/\/www.sudoestehoje.com.br\/novoportal\/wp-json\/wp\/v2\/comments?post=68955"}],"version-history":[{"count":2,"href":"https:\/\/www.sudoestehoje.com.br\/novoportal\/wp-json\/wp\/v2\/posts\/68955\/revisions"}],"predecessor-version":[{"id":68958,"href":"https:\/\/www.sudoestehoje.com.br\/novoportal\/wp-json\/wp\/v2\/posts\/68955\/revisions\/68958"}],"wp:featuredmedia":[{"embeddable":true,"href":"https:\/\/www.sudoestehoje.com.br\/novoportal\/wp-json\/wp\/v2\/media\/68956"}],"wp:attachment":[{"href":"https:\/\/www.sudoestehoje.com.br\/novoportal\/wp-json\/wp\/v2\/media?parent=68955"}],"wp:term":[{"taxonomy":"category","embeddable":true,"href":"https:\/\/www.sudoestehoje.com.br\/novoportal\/wp-json\/wp\/v2\/categories?post=68955"},{"taxonomy":"post_tag","embeddable":true,"href":"https:\/\/www.sudoestehoje.com.br\/novoportal\/wp-json\/wp\/v2\/tags?post=68955"}],"curies":[{"name":"wp","href":"https:\/\/api.w.org\/{rel}","templated":true}]}}